{"id":553,"date":"2025-10-16T06:33:00","date_gmt":"2025-10-16T04:33:00","guid":{"rendered":"https:\/\/www.physiobell.fr\/les-articles-de-flo\/?p=553"},"modified":"2025-10-13T10:00:00","modified_gmt":"2025-10-13T08:00:00","slug":"de-la-survie-a-la-dignite-pourquoi-jai-cree-la-neuro-esthetique","status":"publish","type":"post","link":"https:\/\/www.physiobell.fr\/les-articles-de-flo\/de-la-survie-a-la-dignite-pourquoi-jai-cree-la-neuro-esthetique\/","title":{"rendered":"De la survie \u00e0 la dignit\u00e9 : pourquoi j\u2019ai cr\u00e9\u00e9 la Neuro-Esth\u00e9tique\u00ae"},"content":{"rendered":"\t\t<div data-elementor-type=\"wp-post\" data-elementor-id=\"553\" class=\"elementor elementor-553\" data-elementor-post-type=\"post\">\n\t\t\t\t<div class=\"elementor-element elementor-element-a7eb92a e-flex e-con-boxed e-con e-parent\" data-id=\"a7eb92a\" data-element_type=\"container\" data-e-type=\"container\">\n\t\t\t\t\t<div class=\"e-con-inner\">\n\t\t\t\t<div class=\"elementor-element elementor-element-a21bbaa elementor-widget elementor-widget-heading\" data-id=\"a21bbaa\" data-element_type=\"widget\" data-e-type=\"widget\" data-widget_type=\"heading.default\">\n\t\t\t\t<div class=\"elementor-widget-container\">\n\t\t\t\t\t<h2 class=\"elementor-heading-title elementor-size-default\">Quand une pr\u00e9sentation te r\u00e9duit \u00e0 la cire<\/h2>\t\t\t\t<\/div>\n\t\t\t\t<\/div>\n\t\t\t\t<div class=\"elementor-element elementor-element-c0fe145 elementor-widget elementor-widget-text-editor\" data-id=\"c0fe145\" data-element_type=\"widget\" data-e-type=\"widget\" data-widget_type=\"text-editor.default\">\n\t\t\t\t<div class=\"elementor-widget-container\">\n\t\t\t\t\t\t\t\t\t<p>Je me souviens encore de cette r\u00e9union de cheffes d\u2019entreprise. La pr\u00e9sidente faisait le tour de table pour pr\u00e9senter chacune. Quand vint mon tour, elle dit simplement :<\/p><p>\u00ab Voici Florence Ansar. Si vous voulez vous faire \u00e9piler, vous allez chez elle. \u00bb<\/p><p>J\u2019\u00e9tais sid\u00e9r\u00e9e. Moi qui \u00e9tais sp\u00e9cialis\u00e9e en soins corporels minceur et en anti-\u00e2ge, voil\u00e0 comment on r\u00e9sumait des ann\u00e9es d\u2019expertise, de travail, de formation et d\u2019accompagnements. Une phrase, lanc\u00e9e comme une \u00e9vidence, qui venait effacer toute la profondeur de mon m\u00e9tier.<\/p><p>Dans cette salle, je n\u2019ai pas seulement entendu une remarque maladroite : j\u2019ai entendu l\u2019\u00e9cho d\u2019un pr\u00e9jug\u00e9 collectif. Cette id\u00e9e persistante que l\u2019esth\u00e9tique se limite \u00e0 la cire et au vernis, que notre m\u00e9tier n\u2019a rien de s\u00e9rieux. Ce jour-l\u00e0, j\u2019ai pris de plein fouet le poids des clich\u00e9s qui collent \u00e0 notre profession.<\/p><p>Mais cette phrase a r\u00e9veill\u00e9 un autre souvenir. Elle m&rsquo;a rappel\u00e9 quand j&rsquo;\u00e9tais jeune, quand j&rsquo;ai dit \u00e0 mon p\u00e8re que je voulais \u00eatre esth\u00e9ticienne et cela m&rsquo;a ramen\u00e9e \u00e0 ce moment-l\u00e0. Je peux encore voir son visage se fermer, le regard de d\u00e9sapprobation qui ne m&rsquo;a jamais quitt\u00e9e.<\/p><p>Dans ma famille, la pens\u00e9e et les m\u00e9tiers intellectuels avaient de la valeur, pas les m\u00e9tiers manuels. En une seconde, j\u2019ai compris que mon choix ne serait pas honor\u00e9, que je devrais me battre deux fois plus pour faire reconna\u00eetre ma l\u00e9gitimit\u00e9.<\/p><p>Alors, dans ce malaise, j\u2019ai aussi ressenti une force nouvelle. La certitude qu\u2019il \u00e9tait temps de changer le regard port\u00e9 sur nous. Car derri\u00e8re ces jugements r\u00e9p\u00e9t\u00e9s \u2013 qu\u2019ils viennent d\u2019une salle de r\u00e9union ou d\u2019un salon familial \u2013 se cachait toujours la m\u00eame croyance : l\u2019esth\u00e9tique est un \u201cpetit m\u00e9tier\u201d, p\u00e9riph\u00e9rique, sans profondeur.<\/p><p><strong>C\u2019est contre cela que j\u2019ai choisi de b\u00e2tir autre chose.<\/strong><!-- notionvc: 3d908fc4-73a1-4b49-8c89-0694e9e746d5 --><\/p>\t\t\t\t\t\t\t\t<\/div>\n\t\t\t\t<\/div>\n\t\t\t\t\t<\/div>\n\t\t\t\t<\/div>\n\t\t<div class=\"elementor-element elementor-element-e4960de e-flex e-con-boxed e-con e-parent\" data-id=\"e4960de\" data-element_type=\"container\" data-e-type=\"container\">\n\t\t\t\t\t<div class=\"e-con-inner\">\n\t\t\t\t<div class=\"elementor-element elementor-element-2d1c0c3 elementor-widget elementor-widget-heading\" data-id=\"2d1c0c3\" data-element_type=\"widget\" data-e-type=\"widget\" data-widget_type=\"heading.default\">\n\t\t\t\t<div class=\"elementor-widget-container\">\n\t\t\t\t\t<h2 class=\"elementor-heading-title elementor-size-default\">Comprendre la m\u00e9canique de la transformation<\/h2>\t\t\t\t<\/div>\n\t\t\t\t<\/div>\n\t\t\t\t<div class=\"elementor-element elementor-element-1b57aba elementor-widget elementor-widget-text-editor\" data-id=\"1b57aba\" data-element_type=\"widget\" data-e-type=\"widget\" data-widget_type=\"text-editor.default\">\n\t\t\t\t<div class=\"elementor-widget-container\">\n\t\t\t\t\t\t\t\t\t<p>Ce d\u00e9clic m\u2019a conduite \u00e0 plonger dans les neurosciences et la neurobiologie. J\u2019ai voulu comprendre, en profondeur, ce que je percevais intuitivement depuis des ann\u00e9es : la mani\u00e8re dont le corps et l\u2019esprit sont li\u00e9s.<\/p><p>Pendant des si\u00e8cles, nous avons v\u00e9cu sous l\u2019ombre du \u201cje pense donc je suis\u201d de Descartes. Une vision qui pla\u00e7ait la pens\u00e9e au sommet et rel\u00e9guait le corps \u00e0 une simple machine. Or les d\u00e9couvertes modernes disent tout l\u2019inverse. Le corps influence directement notre cerveau, nos \u00e9motions, nos choix. Plus de 80 % des informations circulent du corps vers le cerveau et non l\u2019inverse.<\/p><p>Cette donn\u00e9e change tout. Elle confirme que chaque geste, chaque rituel, chaque ambiance sensorielle agit bien au-del\u00e0 de la peau : cela influence l\u2019hom\u00e9ostasie, cet \u00e9quilibre vital qui permet au corps de rester stable malgr\u00e9 les changements. Quand le syst\u00e8me nerveux se r\u00e9gule, quand la cliente se sent en s\u00e9curit\u00e9, c\u2019est toute son identit\u00e9 qui s\u2019apaise et se r\u00e9organise.<\/p><p>Comprendre cela a \u00e9t\u00e9 une r\u00e9v\u00e9lation pour moi. Je n\u2019\u00e9tais pas en train de \u201cfaire des soins\u201d. J\u2019\u00e9tais en train d\u2019ouvrir des espaces de r\u00e9gulation profonde, capables de transformer la mani\u00e8re dont une femme se per\u00e7oit, se parle et se tient dans sa vie.<!-- notionvc: 39691015-2be0-478a-8ce8-a5d2762a592b --><\/p><p><!-- notionvc: 3d908fc4-73a1-4b49-8c89-0694e9e746d5 --><\/p>\t\t\t\t\t\t\t\t<\/div>\n\t\t\t\t<\/div>\n\t\t\t\t\t<\/div>\n\t\t\t\t<\/div>\n\t\t<div class=\"elementor-element elementor-element-d50a9e7 e-flex e-con-boxed e-con e-parent\" data-id=\"d50a9e7\" data-element_type=\"container\" data-e-type=\"container\">\n\t\t\t\t\t<div class=\"e-con-inner\">\n\t\t\t\t<div class=\"elementor-element elementor-element-4629f0c elementor-widget elementor-widget-heading\" data-id=\"4629f0c\" data-element_type=\"widget\" data-e-type=\"widget\" data-widget_type=\"heading.default\">\n\t\t\t\t<div class=\"elementor-widget-container\">\n\t\t\t\t\t<h2 class=\"elementor-heading-title elementor-size-default\">Une responsabilit\u00e9 nouvelle<\/h2>\t\t\t\t<\/div>\n\t\t\t\t<\/div>\n\t\t\t\t<div class=\"elementor-element elementor-element-7fc86bd elementor-widget elementor-widget-text-editor\" data-id=\"7fc86bd\" data-element_type=\"widget\" data-e-type=\"widget\" data-widget_type=\"text-editor.default\">\n\t\t\t\t<div class=\"elementor-widget-container\">\n\t\t\t\t\t\t\t\t\t<p>C\u2019est \u00e0 partir de l\u00e0 que j\u2019ai eu \u00e0 c\u0153ur de cr\u00e9er une nouvelle fa\u00e7on de faire : <strong>un nouveau m\u00e9tier<\/strong>. \u00catre une Neuro-Esth\u00e9ticienne\u00ae et pratiquer la Neuro-Esth\u00e9tique\u00ae.<\/p><p>Parce que mes clientes me disaient d\u00e9j\u00e0 :<\/p><p>\u00ab Vous n\u2019\u00eates pas qu\u2019une esth\u00e9ticienne\u2026 vous \u00eates bien plus que cela. \u00bb<\/p><p>Il se passait quelque chose qui n&rsquo;\u00e9tait pas sur le plan visible, elles le ressentaient. Elles \u00e9taient chang\u00e9es et elles \u00e9taient diff\u00e9rentes, et ce n&rsquo;\u00e9tait pas seulement dans le sens d&rsquo;\u00eatre encore plus belles. Elles retrouvaient confiance, dignit\u00e9, pouvoir. Ce n&rsquo;\u00e9tait plus seulement de l&rsquo;esth\u00e9tique ; c&rsquo;\u00e9tait un changement d&rsquo;identit\u00e9.<!-- notionvc: 7fec09f8-20b3-47b6-9f3b-898b41f71669 --><\/p><p><!-- notionvc: 39691015-2be0-478a-8ce8-a5d2762a592b --><\/p><p><!-- notionvc: 3d908fc4-73a1-4b49-8c89-0694e9e746d5 --><\/p>\t\t\t\t\t\t\t\t<\/div>\n\t\t\t\t<\/div>\n\t\t\t\t\t<\/div>\n\t\t\t\t<\/div>\n\t\t<div class=\"elementor-element elementor-element-c4475ac e-flex e-con-boxed e-con e-parent\" data-id=\"c4475ac\" data-element_type=\"container\" data-e-type=\"container\">\n\t\t\t\t\t<div class=\"e-con-inner\">\n\t\t\t\t<div class=\"elementor-element elementor-element-4c7de4a elementor-widget elementor-widget-heading\" data-id=\"4c7de4a\" data-element_type=\"widget\" data-e-type=\"widget\" data-widget_type=\"heading.default\">\n\t\t\t\t<div class=\"elementor-widget-container\">\n\t\t\t\t\t<h2 class=\"elementor-heading-title elementor-size-default\">Les quatre piliers de la Neuro-Esth\u00e9tique\u00ae<\/h2>\t\t\t\t<\/div>\n\t\t\t\t<\/div>\n\t\t\t\t<div class=\"elementor-element elementor-element-89b40e0 elementor-widget elementor-widget-text-editor\" data-id=\"89b40e0\" data-element_type=\"widget\" data-e-type=\"widget\" data-widget_type=\"text-editor.default\">\n\t\t\t\t<div class=\"elementor-widget-container\">\n\t\t\t\t\t\t\t\t\t<p>Quand j&rsquo;ai commenc\u00e9 \u00e0 approcher des mots pour d\u00e9crire ce que je faisais, j&rsquo;en suis arriv\u00e9e \u00e0 la conclusion que je devais avoir une structure tr\u00e8s claire. Car il ne s\u2019agissait pas d\u2019ajouter une technique de plus sur une carte d\u00e9j\u00e0 satur\u00e9e. Il s\u2019agissait de donner un cadre \u00e0 une fa\u00e7on totalement nouvelle d\u2019accompagner les femmes.<\/p><p>J\u2019ai alors pos\u00e9 quatre piliers, comme les fondations d\u2019une maison.<\/p><ul><li>Le premier, c\u2019est celui des <strong>neurosciences et de la <a href=\"https:\/\/formation.physiobell.fr\/structurer-v2\/\" target=\"_blank\" rel=\"noopener\">vente inspirationnelle<\/a><\/strong>. Parce qu\u2019on ne peut plus ignorer ce que la science a mis en lumi\u00e8re : le corps influence directement nos \u00e9motions, nos choix, notre perception de nous-m\u00eames. Comprendre le fonctionnement du cerveau et du syst\u00e8me nerveux, c\u2019est offrir aux clientes un accompagnement qui respecte leur \u00e9tat int\u00e9rieur. Et dans la vente aussi : il ne s\u2019agit plus de pousser ou de manipuler, mais d\u2019inspirer, de cr\u00e9er de l\u2019adh\u00e9sion align\u00e9e.<\/li><li>Le deuxi\u00e8me pilier, c\u2019est le <strong>coaching identitaire<\/strong>. J\u2019ai trop vu de femmes se perdre derri\u00e8re un r\u00f4le, une fonction, un corps qui change. Les aider \u00e0 clarifier qui elles sont, ce qu\u2019elles veulent incarner, c\u2019est leur donner bien plus qu\u2019un soin : c\u2019est leur rendre une identit\u00e9.<\/li><li>Le troisi\u00e8me, c\u2019est la <strong>posture entrepreneuriale<\/strong>. Pendant trop longtemps, nous avons travaill\u00e9 dans l\u2019ombre, avec des offres d\u00e9cousues et des tarifs parfois subis. La Neuro-Esth\u00e9tique\u00ae demande au contraire de poser un cadre clair, d\u2019assumer sa valeur, de prendre sa place comme une experte, une entrepreneuse l\u00e9gitime.<\/li><li>Et enfin, le quatri\u00e8me pilier : <strong>l\u2019excellence en esth\u00e9tique<\/strong>. Parce que le beau reste essentiel. Non pas le beau superficiel, mais le beau comme langage silencieux qui apaise le syst\u00e8me nerveux, qui \u00e9l\u00e8ve l\u2019esprit, qui inscrit la transformation dans le corps.<\/li><\/ul><p>Ces quatre piliers ne sont pas th\u00e9oriques : ils se vivent. Ensemble, ils donnent naissance \u00e0 un m\u00e9tier total, exigeant, profond\u00e9ment humain. Un m\u00e9tier qui n\u2019est plus une succession de gestes, mais une discipline \u00e0 part enti\u00e8re : la Neuro-Esth\u00e9tique\u00ae.<!-- notionvc: 80dc95fd-35cb-45ca-8121-db0383f659b8 --><\/p><p>\ud83d\udc49\ud83c\udffb <a href=\"https:\/\/meet.brevo.com\/melanie-physiobell\" target=\"_blank\" rel=\"noopener\">En savoir plus sur nos formations<\/a><\/p><p><!-- notionvc: 7fec09f8-20b3-47b6-9f3b-898b41f71669 --><\/p><p><!-- notionvc: 39691015-2be0-478a-8ce8-a5d2762a592b --><\/p><p><!-- notionvc: 3d908fc4-73a1-4b49-8c89-0694e9e746d5 --><\/p>\t\t\t\t\t\t\t\t<\/div>\n\t\t\t\t<\/div>\n\t\t\t\t\t<\/div>\n\t\t\t\t<\/div>\n\t\t<div class=\"elementor-element elementor-element-fe0ece5 e-flex e-con-boxed e-con e-parent\" data-id=\"fe0ece5\" data-element_type=\"container\" data-e-type=\"container\">\n\t\t\t\t\t<div class=\"e-con-inner\">\n\t\t\t\t<div class=\"elementor-element elementor-element-8422901 elementor-widget elementor-widget-heading\" data-id=\"8422901\" data-element_type=\"widget\" data-e-type=\"widget\" data-widget_type=\"heading.default\">\n\t\t\t\t<div class=\"elementor-widget-container\">\n\t\t\t\t\t<h2 class=\"elementor-heading-title elementor-size-default\">De la survie \u00e0 la l\u00e9gitimit\u00e9<\/h2>\t\t\t\t<\/div>\n\t\t\t\t<\/div>\n\t\t\t\t<div class=\"elementor-element elementor-element-dbd89d4 elementor-widget elementor-widget-text-editor\" data-id=\"dbd89d4\" data-element_type=\"widget\" data-e-type=\"widget\" data-widget_type=\"text-editor.default\">\n\t\t\t\t<div class=\"elementor-widget-container\">\n\t\t\t\t\t\t\t\t\t<p>Pendant des ann\u00e9es, j\u2019ai vu mes cons\u0153urs s\u2019\u00e9puiser. Elles encha\u00eenaient les rendez-vous sans fin, multipliaient les techniques comme on empile des b\u00e9quilles, fixaient leurs prix au plus bas pour \u201ctenir le coup\u201d et esp\u00e9raient que la quantit\u00e9 compense la reconnaissance qu\u2019elles n\u2019avaient pas. Elles travaillaient dur, trop dur, mais au fond d\u2019elles, elles se sentaient invisibles, r\u00e9duites \u00e0 des ex\u00e9cutantes.<\/p><p>Moi aussi, j\u2019ai connu cet \u00e9puisement. Pas parce que je baissais mes tarifs, je n\u2019ai jamais brad\u00e9 mon travail, mais parce que je donnais sans compter, dans un rythme effr\u00e9n\u00e9 qui m\u2019a pouss\u00e9e \u00e0 mes limites. Et malgr\u00e9 toute cette \u00e9nergie d\u00e9pens\u00e9e, je ressentais la m\u00eame blessure : celle d\u2019un m\u00e9tier qui n\u2019\u00e9tait pas reconnu \u00e0 sa juste valeur.<\/p><p>La Neuro-Esth\u00e9tique\u00ae a \u00e9t\u00e9 le point de bascule. Elle a chang\u00e9 la matrice.<\/p><p>Elle m\u2019a permis d\u2019assumer pleinement ma valeur, de sortir de la survie pour entrer dans la l\u00e9gitimit\u00e9. L\u00e0 o\u00f9 je voyais autour de moi des prestations d\u00e9cousues, j\u2019ai appris \u00e0 construire des <strong>parcours coh\u00e9rents<\/strong>. L\u00e0 o\u00f9 certaines se sentaient oblig\u00e9es de se justifier, j\u2019ai appris \u00e0 poser un <strong>cadre clair et assum\u00e9<\/strong>. L\u00e0 o\u00f9 beaucoup subissaient leur m\u00e9tier, j\u2019ai choisi de l\u2019incarner avec <strong>autorit\u00e9 bienveillante<\/strong>.<\/p><p>La survie, c\u2019est courir derri\u00e8re une reconnaissance qui ne vient jamais.<\/p><p>La l\u00e9gitimit\u00e9, c\u2019est occuper l\u2019espace qui nous revient, avec clart\u00e9 et assurance.<\/p><p>C\u2019est l\u00e0 toute la promesse de la Neuro-Esth\u00e9tique\u00ae : transformer non seulement la vie des clientes, mais aussi celle des professionnelles qui la pratiquent.<!-- notionvc: 571fe402-611a-4997-a501-fa45d33c55af --><\/p><p><!-- notionvc: 80dc95fd-35cb-45ca-8121-db0383f659b8 --><\/p><p><!-- notionvc: 7fec09f8-20b3-47b6-9f3b-898b41f71669 --><\/p><p><!-- notionvc: 39691015-2be0-478a-8ce8-a5d2762a592b --><\/p><p><!-- notionvc: 3d908fc4-73a1-4b49-8c89-0694e9e746d5 --><\/p>\t\t\t\t\t\t\t\t<\/div>\n\t\t\t\t<\/div>\n\t\t\t\t\t<\/div>\n\t\t\t\t<\/div>\n\t\t<div class=\"elementor-element elementor-element-8b0c705 e-flex e-con-boxed e-con e-parent\" data-id=\"8b0c705\" data-element_type=\"container\" data-e-type=\"container\">\n\t\t\t\t\t<div class=\"e-con-inner\">\n\t\t\t\t<div class=\"elementor-element elementor-element-ce11fe7 elementor-widget elementor-widget-heading\" data-id=\"ce11fe7\" data-element_type=\"widget\" data-e-type=\"widget\" data-widget_type=\"heading.default\">\n\t\t\t\t<div class=\"elementor-widget-container\">\n\t\t\t\t\t<h2 class=\"elementor-heading-title elementor-size-default\">Une r\u00e9ponse aux d\u00e9fis de notre \u00e9poque<\/h2>\t\t\t\t<\/div>\n\t\t\t\t<\/div>\n\t\t\t\t<div class=\"elementor-element elementor-element-860b7d8 elementor-widget elementor-widget-text-editor\" data-id=\"860b7d8\" data-element_type=\"widget\" data-e-type=\"widget\" data-widget_type=\"text-editor.default\">\n\t\t\t\t<div class=\"elementor-widget-container\">\n\t\t\t\t\t\t\t\t\t<p>Jamais les femmes n&rsquo;ont \u00e9t\u00e9 aussi press\u00e9es par le temps. Burnout, surcharge, transitions hormonales, perte de rep\u00e8res identitaires&#8230; Il est tr\u00e8s facile pour le rythme effr\u00e9n\u00e9 dict\u00e9 par la soci\u00e9t\u00e9 de les faire s&rsquo;oublier, d&rsquo;avancer \u00e0 tout prix, sans m\u00eame vraiment savoir qui elles sont ou ce dont elles ont besoin.<\/p><p>La Neuro-Esth\u00e9tique\u00ae est pr\u00e9cis\u00e9ment cette r\u00e9ponse. Elle ne se limite pas \u00e0 embellir l\u2019ext\u00e9rieur : elle accueille la femme dans toute sa complexit\u00e9, avec ses \u00e9motions, ses fragilit\u00e9s, ses questionnements et ses d\u00e9sirs. Elle lui offre un espace s\u00fbr o\u00f9 d\u00e9poser ses fardeaux, o\u00f9 reconnecter son image ext\u00e9rieure \u00e0 son ressenti int\u00e9rieur, o\u00f9 retrouver de la clart\u00e9 dans le brouillard des injonctions sociales.<\/p><p>Loin des promesses superficielles d\u2019une peau plus ferme ou d\u2019une silhouette corrig\u00e9e, la Neuro-Esth\u00e9tique\u00ae ouvre un chemin vers une vie plus apais\u00e9e, une pr\u00e9sence \u00e0 soi plus profonde et une image de soi r\u00e9concili\u00e9e. Elle permet \u00e0 chaque femme de redevenir sujet de son histoire, de se regarder avec bienveillance et de reprendre sa place dans le monde, non pas en se conformant \u00e0 des standards, mais en assumant pleinement sa singularit\u00e9.<!-- notionvc: a4118f80-d264-4b37-8692-a8994b76707b --><\/p><p><!-- notionvc: 571fe402-611a-4997-a501-fa45d33c55af --><\/p><p><!-- notionvc: 80dc95fd-35cb-45ca-8121-db0383f659b8 --><\/p><p><!-- notionvc: 7fec09f8-20b3-47b6-9f3b-898b41f71669 --><\/p><p><!-- notionvc: 39691015-2be0-478a-8ce8-a5d2762a592b --><\/p><p><!-- notionvc: 3d908fc4-73a1-4b49-8c89-0694e9e746d5 --><\/p>\t\t\t\t\t\t\t\t<\/div>\n\t\t\t\t<\/div>\n\t\t\t\t\t<\/div>\n\t\t\t\t<\/div>\n\t\t<div class=\"elementor-element elementor-element-7980c5e e-flex e-con-boxed e-con e-parent\" data-id=\"7980c5e\" data-element_type=\"container\" data-e-type=\"container\">\n\t\t\t\t\t<div class=\"e-con-inner\">\n\t\t\t\t<div class=\"elementor-element elementor-element-a6ea97a elementor-widget elementor-widget-heading\" data-id=\"a6ea97a\" data-element_type=\"widget\" data-e-type=\"widget\" data-widget_type=\"heading.default\">\n\t\t\t\t<div class=\"elementor-widget-container\">\n\t\t\t\t\t<h2 class=\"elementor-heading-title elementor-size-default\">L\u2019heure des pionni\u00e8res<\/h2>\t\t\t\t<\/div>\n\t\t\t\t<\/div>\n\t\t\t\t<div class=\"elementor-element elementor-element-1fb70d8 elementor-widget elementor-widget-text-editor\" data-id=\"1fb70d8\" data-element_type=\"widget\" data-e-type=\"widget\" data-widget_type=\"text-editor.default\">\n\t\t\t\t<div class=\"elementor-widget-container\">\n\t\t\t\t\t\t\t\t\t<p>La Neuro-Esth\u00e9tique\u00ae n\u2019est pas une mode passag\u00e8re, ni un simple relooking du m\u00e9tier d\u2019esth\u00e9ticienne. Elle incarne un m\u00e9tier nouveau, \u00e0 part enti\u00e8re, qui allie la rigueur des neurosciences et de la neurobiologie \u00e0 l\u2019exigence de l\u2019esth\u00e9tique, l\u2019acuit\u00e9 du coaching identitaire et la solidit\u00e9 de la posture entrepreneuriale.<\/p><p>C\u2019est une discipline qui r\u00e9concilie ce que l\u2019on a trop longtemps s\u00e9par\u00e9 : le corps et l\u2019esprit, l\u2019apparence et l\u2019identit\u00e9, le visible et l\u2019invisible. Et de cette union na\u00eet une nouvelle g\u00e9n\u00e9ration de professionnelles : les Neuro-Esth\u00e9ticiennes\u00ae.<\/p><p>Elles n\u2019ont plus \u00e0 se cacher derri\u00e8re des gestes techniques minimis\u00e9s, ni \u00e0 accepter d\u2019\u00eatre r\u00e9duites \u00e0 l\u2019image d\u00e9risoire de \u201cl\u2019arracheuse de poils\u201d. Elles assument leur r\u00f4le avec clart\u00e9 et autorit\u00e9 bienveillante, conscientes que leur m\u00e9tier ne se limite pas \u00e0 \u201cfaire beau\u201d mais qu\u2019il transforme profond\u00e9ment la vie des femmes qu\u2019elles accompagnent.<\/p><p>Nous sommes \u00e0 un tournant. Celles qui choisissent d\u2019embrasser la Neuro-Esth\u00e9tique\u00ae deviennent des pionni\u00e8res. Elles ne suivent pas le mouvement, elles l\u2019inventent. Elles ouvrent une voie in\u00e9dite, qui redonne \u00e0 l\u2019esth\u00e9tique ses lettres de noblesse et sa pleine l\u00e9gitimit\u00e9.<\/p><p>Nous ne sommes plus les invisibles des coulisses.<\/p><p>Nous sommes les pionni\u00e8res d\u2019un changement profond : la Neuro-Esth\u00e9tique\u00ae.<!-- notionvc: 692f9d4f-3438-4e71-a8b5-64c3dcf16cb8 --><\/p><p><!-- notionvc: a4118f80-d264-4b37-8692-a8994b76707b --><\/p><p><!-- notionvc: 571fe402-611a-4997-a501-fa45d33c55af --><\/p><p><!-- notionvc: 80dc95fd-35cb-45ca-8121-db0383f659b8 --><\/p><p><!-- notionvc: 7fec09f8-20b3-47b6-9f3b-898b41f71669 --><\/p><p><!-- notionvc: 39691015-2be0-478a-8ce8-a5d2762a592b --><\/p><p><!-- notionvc: 3d908fc4-73a1-4b49-8c89-0694e9e746d5 --><\/p>\t\t\t\t\t\t\t\t<\/div>\n\t\t\t\t<\/div>\n\t\t\t\t\t<\/div>\n\t\t\t\t<\/div>\n\t\t\t\t<\/div>\n\t\t","protected":false},"excerpt":{"rendered":"<p>R\u00e9duite \u00e0 la cire.<br \/>\nC\u2019est ce que Florence a v\u00e9cu, comme tant d\u2019autres esth\u00e9ticiennes, r\u00e9sum\u00e9es \u00e0 un geste technique sans profondeur.<br \/>\nDans cet article fondateur, elle revient sur le d\u00e9clic qui l\u2019a pouss\u00e9e \u00e0 cr\u00e9er un m\u00e9tier \u00e0 part enti\u00e8re : la Neuro-Esth\u00e9tique\u00ae.<br \/>\nUne approche qui r\u00e9concilie science, posture, beaut\u00e9 et transformation identitaire : pour que les professionnelles de l\u2019esth\u00e9tique soient enfin reconnues \u00e0 leur juste valeur.<\/p>\n","protected":false},"author":5,"featured_media":558,"comment_status":"closed","ping_status":"open","sticky":false,"template":"","format":"standard","meta":{"_monsterinsights_skip_tracking":false,"_monsterinsights_sitenote_active":false,"_monsterinsights_sitenote_note":"","_monsterinsights_sitenote_category":0,"footnotes":""},"categories":[29,31],"tags":[9,44,34,11,19],"class_list":["post-553","post","type-post","status-publish","format-standard","has-post-thumbnail","hentry","category-identite-posture","category-neuro-esthetique","tag-apprentissage","tag-expertise","tag-harmonie","tag-neuro-esthetique","tag-reussite"],"_links":{"self":[{"href":"https:\/\/www.physiobell.fr\/les-articles-de-flo\/wp-json\/wp\/v2\/posts\/553","targetHints":{"allow":["GET"]}}],"collection":[{"href":"https:\/\/www.physiobell.fr\/les-articles-de-flo\/wp-json\/wp\/v2\/posts"}],"about":[{"href":"https:\/\/www.physiobell.fr\/les-articles-de-flo\/wp-json\/wp\/v2\/types\/post"}],"author":[{"embeddable":true,"href":"https:\/\/www.physiobell.fr\/les-articles-de-flo\/wp-json\/wp\/v2\/users\/5"}],"replies":[{"embeddable":true,"href":"https:\/\/www.physiobell.fr\/les-articles-de-flo\/wp-json\/wp\/v2\/comments?post=553"}],"version-history":[{"count":8,"href":"https:\/\/www.physiobell.fr\/les-articles-de-flo\/wp-json\/wp\/v2\/posts\/553\/revisions"}],"predecessor-version":[{"id":562,"href":"https:\/\/www.physiobell.fr\/les-articles-de-flo\/wp-json\/wp\/v2\/posts\/553\/revisions\/562"}],"wp:featuredmedia":[{"embeddable":true,"href":"https:\/\/www.physiobell.fr\/les-articles-de-flo\/wp-json\/wp\/v2\/media\/558"}],"wp:attachment":[{"href":"https:\/\/www.physiobell.fr\/les-articles-de-flo\/wp-json\/wp\/v2\/media?parent=553"}],"wp:term":[{"taxonomy":"category","embeddable":true,"href":"https:\/\/www.physiobell.fr\/les-articles-de-flo\/wp-json\/wp\/v2\/categories?post=553"},{"taxonomy":"post_tag","embeddable":true,"href":"https:\/\/www.physiobell.fr\/les-articles-de-flo\/wp-json\/wp\/v2\/tags?post=553"}],"curies":[{"name":"wp","href":"https:\/\/api.w.org\/{rel}","templated":true}]}}