{"id":833,"date":"2026-08-31T07:26:00","date_gmt":"2026-08-31T05:26:00","guid":{"rendered":"https:\/\/www.physiobell.fr\/les-articles-de-flo\/?p=833"},"modified":"2026-08-01T14:56:26","modified_gmt":"2026-08-01T12:56:26","slug":"ce-nest-pas-de-lesthetique-cest-de-lesthetique-integrative","status":"publish","type":"post","link":"https:\/\/www.physiobell.fr\/les-articles-de-flo\/ce-nest-pas-de-lesthetique-cest-de-lesthetique-integrative\/","title":{"rendered":"Ce n&rsquo;est pas de l&rsquo;esth\u00e9tique. C&rsquo;est de l&rsquo;esth\u00e9tique int\u00e9grative"},"content":{"rendered":"\t\t<div data-elementor-type=\"wp-post\" data-elementor-id=\"833\" class=\"elementor elementor-833\" data-elementor-post-type=\"post\">\n\t\t\t\t<div class=\"elementor-element elementor-element-79969682 e-flex e-con-boxed e-con e-parent\" data-id=\"79969682\" data-element_type=\"container\" data-e-type=\"container\">\n\t\t\t\t\t<div class=\"e-con-inner\">\n\t\t\t\t<div class=\"elementor-element elementor-element-2f7cc14f elementor-widget elementor-widget-text-editor\" data-id=\"2f7cc14f\" data-element_type=\"widget\" data-e-type=\"widget\" data-widget_type=\"text-editor.default\">\n\t\t\t\t<div class=\"elementor-widget-container\">\n\t\t\t\t\t\t\t\t\t\n<div style=\"background: #F5EFE7; border-radius: 16px; padding: 30px 34px; margin: 0 0 10px;\">\n<p style=\"font-family: 'Philosopher',Georgia,serif; font-style: italic; font-size: 21px; line-height: 1.5; color: #01222b; margin: 0;\">Il existe une m\u00e9decine int\u00e9grative. Il existe, d\u00e9sormais, une esth\u00e9tique int\u00e9grative. Et nous ouvrons cette \u00e8re.<\/p>\n<\/div>\n\n<h2 class=\"wp-block-heading\">Le mot qui manquait<\/h2>\n\n<p>Pendant des ann\u00e9es, j&rsquo;ai cherch\u00e9 comment nommer ce que je faisais r\u00e9ellement. Je ne faisais pas \u00ab de l&rsquo;esth\u00e9tique classique \u00bb. Je ne faisais pas \u00ab du bien-\u00eatre flou \u00bb. Je ne faisais pas \u00ab du coaching d\u00e9guis\u00e9 en soin \u00bb. Je faisais autre chose. Quelque chose qui reliait la peau \u00e0 ce qui se passe dessous. La silhouette \u00e0 l&rsquo;histoire. Le geste \u00e0 la pr\u00e9sence. La cabine \u00e0 la vie.<\/p>\n\n<p>Il m&rsquo;aura fallu du temps pour poser le mot juste.<\/p>\n\n<p>Aujourd&rsquo;hui, je l&rsquo;assume : ce que nous pratiquons, ce que nous enseignons, ce que nous transmettons dans la Neuro-Esth\u00e9tique\u00ae, ce n&rsquo;est pas une esth\u00e9tique de plus. C&rsquo;est une esth\u00e9tique int\u00e9grative.<\/p>\n\n<div style=\"background: #9D2F33; border-radius: 20px; padding: 38px 42px; margin: 30px 0; text-align: center;\">\n<p style=\"font-family: 'Philosopher',Georgia,serif; font-size: 25px; line-height: 1.42; color: #ffffff; margin: 0;\">\u00ab J&rsquo;appelle cela l&rsquo;esth\u00e9tique int\u00e9grative. \u00bb<\/p>\n<\/div>\n\n<p>Ce mot n&rsquo;est pas cosm\u00e9tique. Il n&rsquo;est pas un habillage marketing. Il pose une fronti\u00e8re. Il d\u00e9signe une m\u00e9thode. Il ouvre une \u00e8re.<\/p>\n\n<h2 class=\"wp-block-heading\">Int\u00e9grative, parce qu&rsquo;elle ne d\u00e9coupe pas<\/h2>\n\n<p>Le mot vient de son contraire. Une esth\u00e9tique non int\u00e9grative d\u00e9coupe. Elle traite la peau sans regarder le sommeil. Elle propose une cure minceur sans interroger le stress. Elle applique un protocole raffermissant sans se demander pourquoi le corps a l\u00e2ch\u00e9 \u00e0 cet endroit pr\u00e9cis, \u00e0 ce moment pr\u00e9cis, chez cette femme pr\u00e9cise.<\/p>\n\n<p>Elle entre pour une porte. Elle ne voit qu&rsquo;une porte. Elle ne voit pas la maison.<\/p>\n\n<div style=\"background: #9D2F33; border-radius: 20px; padding: 38px 42px; margin: 30px 0; text-align: center;\">\n<p style=\"font-family: 'Philosopher',Georgia,serif; font-size: 25px; line-height: 1.42; color: #ffffff; margin: 0;\">\u00ab Elle entre pour une porte. Nous, nous voyons la maison enti\u00e8re. \u00bb<\/p>\n<\/div>\n\n<p>L&rsquo;esth\u00e9tique int\u00e9grative fait l&rsquo;inverse. Elle relie ce que les autres s\u00e9parent. La peau et le sommeil. Le ventre et le stress. La silhouette et l&rsquo;histoire. Le corps et celle qui l&rsquo;habite. Elle refuse le d\u00e9coupage parce qu&rsquo;elle a compris une chose que trois si\u00e8cles de pens\u00e9e occidentale nous ont fait oublier : le vivant n&rsquo;est pas un empilement de pi\u00e8ces. C&rsquo;est un syst\u00e8me. Un syst\u00e8me o\u00f9 tout influence tout, tout le temps.<\/p>\n\n<p>Une cliente qui prend cinq kilos apr\u00e8s une s\u00e9paration ne prend pas cinq kilos parce qu&rsquo;elle mange trop. Elle les prend parce que son axe hypothalamo-hypophyso-surr\u00e9nalien tourne \u00e0 plein r\u00e9gime, parce que son cortisol change sa r\u00e9partition adipeuse, parce que son syst\u00e8me nerveux autonome n&rsquo;a plus d&rsquo;espace pour r\u00e9guler la faim, parce que son sommeil s&rsquo;est effondr\u00e9. La graisse n&rsquo;est pas la cause. Elle est la cons\u00e9quence. La cons\u00e9quence visible d&rsquo;un syst\u00e8me en surcharge.<\/p>\n\n<p>Une esth\u00e9tique int\u00e9grative sait cela. Et elle en tient compte.<\/p>\n\n<h2 class=\"wp-block-heading\">La m\u00e9decine int\u00e9grative existe. L&rsquo;esth\u00e9tique int\u00e9grative aussi, maintenant.<\/h2>\n\n<p>Le mot \u00ab int\u00e9grative \u00bb n&rsquo;est pas de moi seule. Il existe d\u00e9j\u00e0. Il existe dans la m\u00e9decine. La m\u00e9decine int\u00e9grative d\u00e9signe cette approche qui refuse de traiter un organe en oubliant la personne autour. Qui refuse de prescrire une mol\u00e9cule sans interroger le sommeil, l&rsquo;alimentation, le stress, la posture, l&rsquo;environnement. Qui refuse de s\u00e9parer ce qui, dans le corps humain, n&rsquo;a jamais \u00e9t\u00e9 s\u00e9par\u00e9.<\/p>\n\n<p>Nous faisons la m\u00eame chose. \u00c0 notre place. Avec nos moyens. Sans jamais franchir la ligne du m\u00e9dical.<\/p>\n\n<p>L\u00e0 o\u00f9 la m\u00e9decine int\u00e9grative refuse de d\u00e9couper l&rsquo;organe de la personne, l&rsquo;esth\u00e9tique int\u00e9grative refuse de d\u00e9couper la peau de la vie. L\u00e0 o\u00f9 la m\u00e9decine int\u00e9grative regarde le patient dans sa globalit\u00e9, l&rsquo;esth\u00e9tique int\u00e9grative regarde la femme dans sa totalit\u00e9. L\u00e0 o\u00f9 la m\u00e9decine int\u00e9grative articule allopathie, nutrition, mouvement et r\u00e9gulation \u00e9motionnelle, l&rsquo;esth\u00e9tique int\u00e9grative articule geste technique, r\u00e9gulation nerveuse, physiologie hormonale et accompagnement identitaire.<\/p>\n\n<p>C&rsquo;est le m\u00eame mouvement. Ce n&rsquo;est pas de la m\u00e9decine. Ce n&rsquo;est pas non plus de l&rsquo;esth\u00e9tique telle qu&rsquo;on l&rsquo;a longtemps pratiqu\u00e9e.<\/p>\n\n<p>C&rsquo;est une troisi\u00e8me voie. Et elle a maintenant un nom.<\/p>\n\n<h2 class=\"wp-block-heading\">Les trois axes d&rsquo;une esth\u00e9tique int\u00e9grative<\/h2>\n\n<p>L&rsquo;esth\u00e9tique int\u00e9grative que nous enseignons repose sur trois axes. Trois territoires. Trois mani\u00e8res d&rsquo;entrer dans le vivant sans jamais le fragmenter.<\/p>\n\n<h3 class=\"wp-block-heading\">1. Le bien-vieillir<\/h3>\n\n<p>Pas l&rsquo;anti-\u00e2ge. Le bien-vieillir. La distinction n&rsquo;est pas cosm\u00e9tique, elle est philosophique. L&rsquo;anti-\u00e2ge fait la guerre au temps. Le bien-vieillir compose avec lui. L&rsquo;anti-\u00e2ge cache. Le bien-vieillir accompagne. L&rsquo;anti-\u00e2ge vend la peur. Le bien-vieillir vend une trajectoire.<\/p>\n\n<p>\u00c0 40 ans, une femme fran\u00e7aise a en moyenne quarante-cinq ann\u00e9es d&rsquo;esp\u00e9rance de vie devant elle. \u00c0 60 ans, elle en a encore vingt-huit. Ce n&rsquo;est qu&rsquo;autour de 51 ou 52 ans qu&rsquo;elle atteint la moiti\u00e9 de sa vie d&rsquo;adulte. La deuxi\u00e8me moiti\u00e9 n&rsquo;est pas une fin. C&rsquo;est une phase enti\u00e8re. Une phase pour laquelle notre m\u00e9tier doit avoir une r\u00e9ponse structur\u00e9e, pas une op\u00e9ration de camouflage.<\/p>\n\n<div style=\"background: #9D2F33; border-radius: 20px; padding: 38px 42px; margin: 30px 0; text-align: center;\">\n<p style=\"font-family: 'Philosopher',Georgia,serif; font-size: 25px; line-height: 1.42; color: #ffffff; margin: 0;\">\u00ab Vieillir n&rsquo;est pas le probl\u00e8me. Vieillir en guerre, si. \u00bb<\/p>\n<\/div>\n\n<h3 class=\"wp-block-heading\">2. La transformation corporelle<\/h3>\n\n<p>Pas la lutte contre les kilos. Le travail sur la permission. Une femme qui ne s&rsquo;autorise pas \u00e0 exister ne perd pas de poids durablement, quels que soient les appareils, les cures, les protocoles. Son syst\u00e8me biologique prot\u00e8ge. C&rsquo;est physiologique. Ce n&rsquo;est pas de la volont\u00e9 qui manque. C&rsquo;est un feu vert int\u00e9rieur.<\/p>\n\n<p>L&rsquo;esth\u00e9tique int\u00e9grative ne fait pas maigrir. Elle autorise \u00e0 occuper sa place. Le reste suit, quand le reste peut suivre.<\/p>\n\n<div style=\"background: #9D2F33; border-radius: 20px; padding: 38px 42px; margin: 30px 0; text-align: center;\">\n<p style=\"font-family: 'Philosopher',Georgia,serif; font-size: 25px; line-height: 1.42; color: #ffffff; margin: 0;\">\u00ab Un corps que l&rsquo;on force se d\u00e9fend. Un corps que l&rsquo;on accompagne consent. \u00bb<\/p>\n<\/div>\n\n<h3 class=\"wp-block-heading\">3. L&rsquo;\u00e9quilibre int\u00e9rieur<\/h3>\n\n<p>Ce n&rsquo;est pas un troisi\u00e8me axe pos\u00e9 \u00e0 c\u00f4t\u00e9 des deux autres. C&rsquo;est le sol sur lequel les deux autres tiennent. Sans r\u00e9gulation du syst\u00e8me nerveux, un protocole de bien-vieillir \u00e9choue. Sans travail sur la posture int\u00e9rieure, une transformation corporelle rechute. Sans co-r\u00e9gulation, sans neuroception de s\u00e9curit\u00e9, sans espace pour que la femme se d\u00e9pose, tout le reste s&rsquo;effondre en six mois.<\/p>\n\n<p>Les travaux de Stephen Porges sur la th\u00e9orie polyvagale, l&rsquo;exposome, l&rsquo;\u00e9pig\u00e9n\u00e9tique, la synergologie : autant de cadres scientifiques qui nous disent la m\u00eame chose. L&rsquo;humain est un syst\u00e8me. Et un syst\u00e8me n&rsquo;est stable que si son socle est stable.<\/p>\n\n<p>L&rsquo;\u00e9quilibre int\u00e9rieur, c&rsquo;est le socle.<\/p>\n\n<h2 class=\"wp-block-heading\">Ce que nous ne faisons pas (et qui compte autant)<\/h2>\n\n<p>Une esth\u00e9tique int\u00e9grative se d\u00e9finit aussi par ce qu&rsquo;elle refuse. Il faut le dire clairement, parce que la confusion serait dangereuse pour tout le monde. Pour les clientes, pour la profession, pour le cadre l\u00e9gal qui nous prot\u00e8ge.<\/p>\n\n<div style=\"background: #9D2F33; border-radius: 20px; padding: 38px 42px; margin: 30px 0; text-align: center;\">\n<p style=\"font-family: 'Philosopher',Georgia,serif; font-size: 25px; line-height: 1.42; color: #ffffff; margin: 0;\">\u00ab Nous ne diagnostiquons pas. Nous ne prescrivons pas. Nous ne traitons pas. Nous rep\u00e9rons, nous adaptons, nous orientons. \u00bb<\/p>\n<\/div>\n\n<p>Une professionnelle form\u00e9e \u00e0 l&rsquo;esth\u00e9tique int\u00e9grative devient ce que le docteur Odile Bagot appelle une sentinelle pr\u00e9ventive. Elle observe. Elle rep\u00e8re les signaux faibles. Elle sait quand orienter. Elle sait quand se taire. Elle sait quand adapter son geste, son rythme, son cadre. Elle ne remplace personne. Elle prend une place que personne ne prenait.<\/p>\n\n<p>Cette place, c&rsquo;est le maillon manquant dans la cha\u00eene de sant\u00e9 des femmes. Entre le m\u00e9decin qu&rsquo;on voit trop tard et le coach qu&rsquo;on voit trop cher. Entre la pharmacie qui vend un produit et la th\u00e9rapie qui reste inaccessible. Entre le protocole standardis\u00e9 et le sur-mesure v\u00e9ritable.<\/p>\n\n<h2 class=\"wp-block-heading\">Le basculement qui rend ce mot n\u00e9cessaire<\/h2>\n\n<p>Pourquoi maintenant ? Pourquoi ce mot, cette m\u00e9thode, cette \u00e9cole, \u00e0 ce moment pr\u00e9cis ?<\/p>\n\n<p>Parce que notre m\u00e9tier est au pied du mur. Les chiffres du secteur sont clairs. Quarante-trois pour cent des salari\u00e9es de la profession ont moins de 27 ans. \u00c0 l&rsquo;autre bout de la cha\u00eene, seulement quatre pour cent ont 55 ans ou plus. Nous avons une profession jeune qui accueille une client\u00e8le m\u00fbre. Une profession form\u00e9e \u00e0 la technique qui re\u00e7oit des femmes venues chercher de la globalit\u00e9. Une profession qui vend des s\u00e9ances quand ses clientes viennent chercher une trajectoire.<\/p>\n\n<p>Ce d\u00e9calage n&rsquo;est pas une nuance. C&rsquo;est une fracture. Et cette fracture s&rsquo;agrandit chaque ann\u00e9e.<\/p>\n\n<p>Ajoutons \u00e0 cela que trois si\u00e8cles de pens\u00e9e occidentale ont hi\u00e9rarchis\u00e9 les m\u00e9tiers selon leur distance au corps. Plus un m\u00e9tier s&rsquo;\u00e9loignait du corps, plus il gagnait en prestige. Les m\u00e9tiers du toucher, du geste, de la main, de la peau ont \u00e9t\u00e9 rel\u00e9gu\u00e9s. Sans cesse. Syst\u00e9matiquement. Ce m\u00e9pris nous colle \u00e0 la peau depuis trois cents ans.<\/p>\n\n<p>Mais les neurosciences retournent la table. L&rsquo;intelligence artificielle retourne la table. Les travaux d&rsquo;Antonio Damasio, de Stephen Porges, de dizaines de chercheurs retournent la table. Le corps n&rsquo;est plus une machine que l&rsquo;esprit dirige. Le corps est un partenaire de la pens\u00e9e. Le corps est un syst\u00e8me d&rsquo;information \u00e0 part enti\u00e8re. Le corps est ce sur quoi tout se construit.<\/p>\n\n<p>Nos m\u00e9tiers, brutalement, se retrouvent au bon endroit.<\/p>\n\n<div style=\"background: #9D2F33; border-radius: 20px; padding: 38px 42px; margin: 30px 0; text-align: center;\">\n<p style=\"font-family: 'Philosopher',Georgia,serif; font-size: 25px; line-height: 1.42; color: #ffffff; margin: 0;\">\u00ab Une soci\u00e9t\u00e9 qui n&rsquo;a pas de mots pour vous n&rsquo;a pas de place pour vous. \u00bb<\/p>\n<\/div>\n\n<p>C&rsquo;est pour cela qu&rsquo;il fallait poser le mot. \u00ab Esth\u00e9tique int\u00e9grative \u00bb n&rsquo;est pas un slogan. C&rsquo;est une reconnaissance. Un cadre. Une mani\u00e8re de dire \u00e0 la soci\u00e9t\u00e9 ce que nous faisons vraiment, et pourquoi cela m\u00e9rite une place au tableau.<\/p>\n\n<h2 class=\"wp-block-heading\">La Neuro-Esth\u00e9tique\u00ae, premi\u00e8re \u00e9cole d&rsquo;une nouvelle \u00e8re<\/h2>\n\n<p>La Neuro-Esth\u00e9tique\u00ae n&rsquo;est pas une technique de plus. Elle n&rsquo;est pas un suppl\u00e9ment anti-\u00e2ge ou une couche de bien-\u00eatre pos\u00e9e sur des gestes anciens. Elle est la premi\u00e8re mise en \u0153uvre structur\u00e9e de l&rsquo;esth\u00e9tique int\u00e9grative. La premi\u00e8re \u00e9cole qui la formalise. La premi\u00e8re formation qui la transmet.<\/p>\n\n<p>Elle enseigne la neuroception. Elle enseigne l&rsquo;axe HPA. Elle enseigne l&rsquo;hom\u00e9ostasie. Elle enseigne la co-r\u00e9gulation. Elle enseigne l&rsquo;exposome et l&rsquo;\u00e9pig\u00e9n\u00e9tique. Elle enseigne la synergologie. Mais surtout, elle enseigne \u00e0 relier tout cela avec le geste. Avec la pr\u00e9sence. Avec la cabine. Avec la relation. Elle refuse la th\u00e9orie hors sol et le geste sans compr\u00e9hension.<\/p>\n\n<p>Elle forme des professionnelles qui pensent en syst\u00e8me. Qui d\u00e9cident devant une femme qu&rsquo;elles n&rsquo;ont jamais vue. Qui construisent une m\u00e9thodologie plut\u00f4t qu&rsquo;un protocole. Qui savent quand acc\u00e9l\u00e9rer, quand freiner, quand ralentir, quand rediriger.<\/p>\n\n<p>Ce n&rsquo;est pas une esth\u00e9tique augment\u00e9e. C&rsquo;est une esth\u00e9tique int\u00e9grative. Et c&rsquo;est une nouvelle \u00e8re.<\/p>\n\n<p>Il aura fallu du temps pour poser le mot. Il aura fallu du temps pour construire la m\u00e9thode. Il aura fallu du temps pour former les premi\u00e8res promotions. Il aura fallu du temps pour que le secteur soit pr\u00eat \u00e0 entendre.<\/p>\n\n<p>Aujourd&rsquo;hui, le mot est pos\u00e9. La m\u00e9thode existe. Les professionnelles se forment. Les instituts se transforment. Les clientes reconnaissent la diff\u00e9rence.<\/p>\n\n<p>Ce que nous vivons n&rsquo;est pas une \u00e9volution du m\u00e9tier. C&rsquo;est une refondation.<\/p>\n\n<div style=\"background: #9D2F33; border-radius: 20px; padding: 38px 42px; margin: 30px 0; text-align: center;\">\n<p style=\"font-family: 'Philosopher',Georgia,serif; font-size: 25px; line-height: 1.42; color: #ffffff; margin: 0;\">\u00ab Un manifeste qui ne d\u00e9bouche sur rien s&rsquo;appelle une plainte. \u00bb<\/p>\n<\/div>\n\n<p>Ce texte n&rsquo;est pas une plainte. C&rsquo;est un cadre pos\u00e9. Une porte ouverte. Une invitation.<\/p>\n\n<p>Si tu es esth\u00e9ticienne, professionnelle du bien-\u00eatre, cheffe d&rsquo;institut, formatrice, et que tu sens depuis longtemps que ce que tu fais d\u00e9passe ce qu&rsquo;on te reconna\u00eet, alors ce mot est aussi pour toi.<\/p>\n\n<p>L&rsquo;esth\u00e9tique int\u00e9grative existe d\u00e9sormais. Elle a un nom. Elle a une m\u00e9thode. Elle a une \u00e9cole. Il reste \u00e0 la faire grandir.<\/p>\n\n<p>Ensemble.<\/p>\n\n<div style=\"background: #01222B; border-radius: 24px; padding: 42px 40px; margin: 38px 0 14px; text-align: center;\">\n<p style=\"font-family: 'Philosopher',Georgia,serif; font-size: 26px; line-height: 1.3; color: #ffffff; margin: 0 0 14px;\">Et toi \u2014 es-tu pr\u00eate \u00e0 pratiquer une esth\u00e9tique int\u00e9grative ?<\/p>\n<p style=\"font-family: 'Mulish',Arial,sans-serif; font-size: 16px; line-height: 1.65; color: rgba(255,255,255,.82); margin: 0 auto 10px; max-width: 540px;\">La Neuro-Esth\u00e9tique\u00ae est la premi\u00e8re \u00e9cole qui forme \u00e0 l&rsquo;esth\u00e9tique int\u00e9grative. Trois axes, une m\u00e9thode, une posture professionnelle repens\u00e9e pour le m\u00e9tier que nous devenons.<\/p>\n<a style=\"display: inline-block; background: #F5EFE7; color: #9d2f33; font-family: 'Mulish',Arial,sans-serif; font-weight: bold; font-size: 15px; text-decoration: none; padding: 15px 32px; border-radius: 40px; margin-top: 8px;\" href=\"https:\/\/calendly.com\/d\/ct6t-56f-nc3\/audit-physiobell\" target=\"_blank\" rel=\"noopener noreferrer\">D\u00e9couvrir la Neuro-Esth\u00e9tique\u00ae \u2192<\/a><\/div>\n\n<p class=\"has-text-align-center\"><em>\u2014 Florence<\/em><\/p>\n\n<p>\u00a0<\/p>\t\t\t\t\t\t\t\t<\/div>\n\t\t\t\t<\/div>\n\t\t\t\t\t<\/div>\n\t\t\t\t<\/div>\n\t\t\t\t<\/div>\n\t\t","protected":false},"excerpt":{"rendered":"<p>Il existe une m\u00e9decine int\u00e9grative. Il existe, d\u00e9sormais, une esth\u00e9tique int\u00e9grative. Et nous ouvrons cette \u00e8re. Le mot qui manquait [&hellip;]<\/p>\n","protected":false},"author":5,"featured_media":834,"comment_status":"closed","ping_status":"open","sticky":true,"template":"","format":"standard","meta":{"_monsterinsights_skip_tracking":false,"site-sidebar-layout":"default","site-content-layout":"","ast-site-content-layout":"default","site-content-style":"default","site-sidebar-style":"default","ast-global-header-display":"","ast-banner-title-visibility":"","ast-main-header-display":"","ast-hfb-above-header-display":"","ast-hfb-below-header-display":"","ast-hfb-mobile-header-display":"","site-post-title":"","ast-breadcrumbs-content":"","ast-featured-img":"","footer-sml-layout":"","ast-disable-related-posts":"","theme-transparent-header-meta":"","adv-header-id-meta":"","stick-header-meta":"","header-above-stick-meta":"","header-main-stick-meta":"","header-below-stick-meta":"","astra-migrate-meta-layouts":"default","ast-page-background-enabled":"default","ast-page-background-meta":{"desktop":{"background-color":"var(--ast-global-color-5)","background-image":"","background-repeat":"repeat","background-position":"center center","background-size":"auto","background-attachment":"scroll","background-type":"","background-media":"","overlay-type":"","overlay-color":"","overlay-opacity":"","overlay-gradient":""},"tablet":{"background-color":"","background-image":"","background-repeat":"repeat","background-position":"center center","background-size":"auto","background-attachment":"scroll","background-type":"","background-media":"","overlay-type":"","overlay-color":"","overlay-opacity":"","overlay-gradient":""},"mobile":{"background-color":"","background-image":"","background-repeat":"repeat","background-position":"center center","background-size":"auto","background-attachment":"scroll","background-type":"","background-media":"","overlay-type":"","overlay-color":"","overlay-opacity":"","overlay-gradient":""}},"ast-content-background-meta":{"desktop":{"background-color":"var(--ast-global-color-4)","background-image":"","background-repeat":"repeat","background-position":"center center","background-size":"auto","background-attachment":"scroll","background-type":"","background-media":"","overlay-type":"","overlay-color":"","overlay-opacity":"","overlay-gradient":""},"tablet":{"background-color":"var(--ast-global-color-4)","background-image":"","background-repeat":"repeat","background-position":"center center","background-size":"auto","background-attachment":"scroll","background-type":"","background-media":"","overlay-type":"","overlay-color":"","overlay-opacity":"","overlay-gradient":""},"mobile":{"background-color":"var(--ast-global-color-4)","background-image":"","background-repeat":"repeat","background-position":"center center","background-size":"auto","background-attachment":"scroll","background-type":"","background-media":"","overlay-type":"","overlay-color":"","overlay-opacity":"","overlay-gradient":""}},"footnotes":""},"categories":[28,31],"tags":[3,11,19],"class_list":["post-833","post","type-post","status-publish","format-standard","has-post-thumbnail","hentry","category-business-strategie","category-neuro-esthetique","tag-entreprise","tag-neuro-esthetique","tag-reussite"],"aioseo_notices":[],"aioseo_head":"\n\t\t<!-- All in One SEO 4.9.8 - aioseo.com -->\n\t<meta name=\"description\" content=\"Il existe une m\u00e9decine int\u00e9grative. Il existe, d\u00e9sormais, une esth\u00e9tique int\u00e9grative. Et nous ouvrons cette \u00e8re. Le mot qui manquait Pendant des ann\u00e9es, j\u2019ai cherch\u00e9 comment nommer ce que je faisais r\u00e9ellement. Je ne faisais pas \u00ab de l\u2019esth\u00e9tique classique \u00bb. Je ne faisais pas \u00ab du bien-\u00eatre flou \u00bb. Je ne faisais pas \u00ab\" \/>\n\t<meta name=\"robots\" content=\"max-image-preview:large\" \/>\n\t<meta name=\"author\" content=\"Florence ANSAR\"\/>\n\t<link rel=\"canonical\" href=\"https:\/\/www.physiobell.fr\/les-articles-de-flo\/ce-nest-pas-de-lesthetique-cest-de-lesthetique-integrative\/\" \/>\n\t<meta name=\"generator\" content=\"All in One SEO (AIOSEO) 4.9.8\" \/>\n\t\t<meta property=\"og:locale\" content=\"fr_FR\" \/>\n\t\t<meta property=\"og:site_name\" content=\"Le blog de Florence - Nous formons, vous excellez !\" \/>\n\t\t<meta property=\"og:type\" content=\"article\" \/>\n\t\t<meta property=\"og:title\" content=\"Ce n\u2019est pas de l\u2019esth\u00e9tique. C\u2019est de l\u2019esth\u00e9tique int\u00e9grative - Le blog de Florence\" \/>\n\t\t<meta property=\"og:description\" content=\"Il existe une m\u00e9decine int\u00e9grative. Il existe, d\u00e9sormais, une esth\u00e9tique int\u00e9grative. Et nous ouvrons cette \u00e8re. Le mot qui manquait Pendant des ann\u00e9es, j\u2019ai cherch\u00e9 comment nommer ce que je faisais r\u00e9ellement. Je ne faisais pas \u00ab de l\u2019esth\u00e9tique classique \u00bb. Je ne faisais pas \u00ab du bien-\u00eatre flou \u00bb. Je ne faisais pas \u00ab\" \/>\n\t\t<meta property=\"og:url\" content=\"https:\/\/www.physiobell.fr\/les-articles-de-flo\/ce-nest-pas-de-lesthetique-cest-de-lesthetique-integrative\/\" \/>\n\t\t<meta property=\"og:image\" content=\"https:\/\/www.physiobell.fr\/les-articles-de-flo\/wp-content\/uploads\/sites\/3\/2026\/05\/cropped-Florence-photo-en-tete-blog.png\" \/>\n\t\t<meta property=\"og:image:secure_url\" content=\"https:\/\/www.physiobell.fr\/les-articles-de-flo\/wp-content\/uploads\/sites\/3\/2026\/05\/cropped-Florence-photo-en-tete-blog.png\" \/>\n\t\t<meta property=\"og:image:width\" content=\"378\" \/>\n\t\t<meta property=\"og:image:height\" content=\"351\" \/>\n\t\t<meta property=\"article:published_time\" content=\"2026-08-31T05:26:00+00:00\" \/>\n\t\t<meta property=\"article:modified_time\" content=\"2026-08-01T12:56:26+00:00\" \/>\n\t\t<meta property=\"article:publisher\" content=\"https:\/\/www.facebook.com\/physiobell.fr\/\" \/>\n\t\t<meta name=\"twitter:card\" content=\"summary_large_image\" \/>\n\t\t<meta name=\"twitter:title\" content=\"Ce n\u2019est pas de l\u2019esth\u00e9tique. C\u2019est de l\u2019esth\u00e9tique int\u00e9grative - Le blog de Florence\" \/>\n\t\t<meta name=\"twitter:description\" content=\"Il existe une m\u00e9decine int\u00e9grative. Il existe, d\u00e9sormais, une esth\u00e9tique int\u00e9grative. Et nous ouvrons cette \u00e8re. Le mot qui manquait Pendant des ann\u00e9es, j\u2019ai cherch\u00e9 comment nommer ce que je faisais r\u00e9ellement. Je ne faisais pas \u00ab de l\u2019esth\u00e9tique classique \u00bb. Je ne faisais pas \u00ab du bien-\u00eatre flou \u00bb. Je ne faisais pas \u00ab\" \/>\n\t\t<meta name=\"twitter:image\" content=\"https:\/\/www.physiobell.fr\/les-articles-de-flo\/wp-content\/uploads\/sites\/3\/2026\/05\/cropped-Florence-photo-en-tete-blog.png\" \/>\n\t\t<script type=\"application\/ld+json\" class=\"aioseo-schema\">\n\t\t\t{\"@context\":\"https:\\\/\\\/schema.org\",\"@graph\":[{\"@type\":\"BlogPosting\",\"@id\":\"https:\\\/\\\/www.physiobell.fr\\\/les-articles-de-flo\\\/ce-nest-pas-de-lesthetique-cest-de-lesthetique-integrative\\\/#blogposting\",\"name\":\"Ce n\\u2019est pas de l\\u2019esth\\u00e9tique. C\\u2019est de l\\u2019esth\\u00e9tique int\\u00e9grative - Le blog de Florence\",\"headline\":\"Ce n&rsquo;est pas de l&rsquo;esth\\u00e9tique. C&rsquo;est de l&rsquo;esth\\u00e9tique int\\u00e9grative\",\"author\":{\"@id\":\"https:\\\/\\\/www.physiobell.fr\\\/les-articles-de-flo\\\/author\\\/florenceansar\\\/#author\"},\"publisher\":{\"@id\":\"https:\\\/\\\/www.physiobell.fr\\\/les-articles-de-flo\\\/#person\"},\"image\":{\"@type\":\"ImageObject\",\"url\":\"https:\\\/\\\/www.physiobell.fr\\\/les-articles-de-flo\\\/wp-content\\\/uploads\\\/sites\\\/3\\\/2026\\\/08\\\/ChatGPT-Image-1-aout-2026-14_30_53-1.png\",\"width\":1729,\"height\":910},\"datePublished\":\"2026-08-31T07:26:00+02:00\",\"dateModified\":\"2026-08-01T14:56:26+02:00\",\"inLanguage\":\"fr-FR\",\"mainEntityOfPage\":{\"@id\":\"https:\\\/\\\/www.physiobell.fr\\\/les-articles-de-flo\\\/ce-nest-pas-de-lesthetique-cest-de-lesthetique-integrative\\\/#webpage\"},\"isPartOf\":{\"@id\":\"https:\\\/\\\/www.physiobell.fr\\\/les-articles-de-flo\\\/ce-nest-pas-de-lesthetique-cest-de-lesthetique-integrative\\\/#webpage\"},\"articleSection\":\"Business &amp; Strat\\u00e9gie, Neuro-Esth\\u00e9tique\\u00ae, entreprise, neuro-esth\\u00e9tique, r\\u00e9ussite\"},{\"@type\":\"BreadcrumbList\",\"@id\":\"https:\\\/\\\/www.physiobell.fr\\\/les-articles-de-flo\\\/ce-nest-pas-de-lesthetique-cest-de-lesthetique-integrative\\\/#breadcrumblist\",\"itemListElement\":[{\"@type\":\"ListItem\",\"@id\":\"https:\\\/\\\/www.physiobell.fr\\\/les-articles-de-flo#listItem\",\"position\":1,\"name\":\"Home\",\"item\":\"https:\\\/\\\/www.physiobell.fr\\\/les-articles-de-flo\",\"nextItem\":{\"@type\":\"ListItem\",\"@id\":\"https:\\\/\\\/www.physiobell.fr\\\/les-articles-de-flo\\\/category\\\/business-strategie\\\/#listItem\",\"name\":\"Business &amp; Strat\\u00e9gie\"}},{\"@type\":\"ListItem\",\"@id\":\"https:\\\/\\\/www.physiobell.fr\\\/les-articles-de-flo\\\/category\\\/business-strategie\\\/#listItem\",\"position\":2,\"name\":\"Business &amp; Strat\\u00e9gie\",\"item\":\"https:\\\/\\\/www.physiobell.fr\\\/les-articles-de-flo\\\/category\\\/business-strategie\\\/\",\"nextItem\":{\"@type\":\"ListItem\",\"@id\":\"https:\\\/\\\/www.physiobell.fr\\\/les-articles-de-flo\\\/ce-nest-pas-de-lesthetique-cest-de-lesthetique-integrative\\\/#listItem\",\"name\":\"Ce n&rsquo;est pas de l&rsquo;esth\\u00e9tique. C&rsquo;est de l&rsquo;esth\\u00e9tique int\\u00e9grative\"},\"previousItem\":{\"@type\":\"ListItem\",\"@id\":\"https:\\\/\\\/www.physiobell.fr\\\/les-articles-de-flo#listItem\",\"name\":\"Home\"}},{\"@type\":\"ListItem\",\"@id\":\"https:\\\/\\\/www.physiobell.fr\\\/les-articles-de-flo\\\/ce-nest-pas-de-lesthetique-cest-de-lesthetique-integrative\\\/#listItem\",\"position\":3,\"name\":\"Ce n&rsquo;est pas de l&rsquo;esth\\u00e9tique. C&rsquo;est de l&rsquo;esth\\u00e9tique int\\u00e9grative\",\"previousItem\":{\"@type\":\"ListItem\",\"@id\":\"https:\\\/\\\/www.physiobell.fr\\\/les-articles-de-flo\\\/category\\\/business-strategie\\\/#listItem\",\"name\":\"Business &amp; Strat\\u00e9gie\"}}]},{\"@type\":\"Person\",\"@id\":\"https:\\\/\\\/www.physiobell.fr\\\/les-articles-de-flo\\\/#person\",\"name\":\"Florence ANSAR\",\"image\":{\"@type\":\"ImageObject\",\"@id\":\"https:\\\/\\\/www.physiobell.fr\\\/les-articles-de-flo\\\/ce-nest-pas-de-lesthetique-cest-de-lesthetique-integrative\\\/#personImage\",\"url\":\"https:\\\/\\\/secure.gravatar.com\\\/avatar\\\/0e34b9b81dc6ae365fb9181191b967c98a93752d3fef11cba8f39ff94e04249b?s=96&d=mm&r=g\",\"width\":96,\"height\":96,\"caption\":\"Florence ANSAR\"}},{\"@type\":\"Person\",\"@id\":\"https:\\\/\\\/www.physiobell.fr\\\/les-articles-de-flo\\\/author\\\/florenceansar\\\/#author\",\"url\":\"https:\\\/\\\/www.physiobell.fr\\\/les-articles-de-flo\\\/author\\\/florenceansar\\\/\",\"name\":\"Florence ANSAR\",\"image\":{\"@type\":\"ImageObject\",\"@id\":\"https:\\\/\\\/www.physiobell.fr\\\/les-articles-de-flo\\\/ce-nest-pas-de-lesthetique-cest-de-lesthetique-integrative\\\/#authorImage\",\"url\":\"https:\\\/\\\/secure.gravatar.com\\\/avatar\\\/0e34b9b81dc6ae365fb9181191b967c98a93752d3fef11cba8f39ff94e04249b?s=96&d=mm&r=g\",\"width\":96,\"height\":96,\"caption\":\"Florence ANSAR\"}},{\"@type\":\"WebPage\",\"@id\":\"https:\\\/\\\/www.physiobell.fr\\\/les-articles-de-flo\\\/ce-nest-pas-de-lesthetique-cest-de-lesthetique-integrative\\\/#webpage\",\"url\":\"https:\\\/\\\/www.physiobell.fr\\\/les-articles-de-flo\\\/ce-nest-pas-de-lesthetique-cest-de-lesthetique-integrative\\\/\",\"name\":\"Ce n\\u2019est pas de l\\u2019esth\\u00e9tique. C\\u2019est de l\\u2019esth\\u00e9tique int\\u00e9grative - Le blog de Florence\",\"description\":\"Il existe une m\\u00e9decine int\\u00e9grative. Il existe, d\\u00e9sormais, une esth\\u00e9tique int\\u00e9grative. Et nous ouvrons cette \\u00e8re. Le mot qui manquait Pendant des ann\\u00e9es, j\\u2019ai cherch\\u00e9 comment nommer ce que je faisais r\\u00e9ellement. Je ne faisais pas \\u00ab de l\\u2019esth\\u00e9tique classique \\u00bb. Je ne faisais pas \\u00ab du bien-\\u00eatre flou \\u00bb. Je ne faisais pas \\u00ab\",\"inLanguage\":\"fr-FR\",\"isPartOf\":{\"@id\":\"https:\\\/\\\/www.physiobell.fr\\\/les-articles-de-flo\\\/#website\"},\"breadcrumb\":{\"@id\":\"https:\\\/\\\/www.physiobell.fr\\\/les-articles-de-flo\\\/ce-nest-pas-de-lesthetique-cest-de-lesthetique-integrative\\\/#breadcrumblist\"},\"author\":{\"@id\":\"https:\\\/\\\/www.physiobell.fr\\\/les-articles-de-flo\\\/author\\\/florenceansar\\\/#author\"},\"creator\":{\"@id\":\"https:\\\/\\\/www.physiobell.fr\\\/les-articles-de-flo\\\/author\\\/florenceansar\\\/#author\"},\"image\":{\"@type\":\"ImageObject\",\"url\":\"https:\\\/\\\/www.physiobell.fr\\\/les-articles-de-flo\\\/wp-content\\\/uploads\\\/sites\\\/3\\\/2026\\\/08\\\/ChatGPT-Image-1-aout-2026-14_30_53-1.png\",\"@id\":\"https:\\\/\\\/www.physiobell.fr\\\/les-articles-de-flo\\\/ce-nest-pas-de-lesthetique-cest-de-lesthetique-integrative\\\/#mainImage\",\"width\":1729,\"height\":910},\"primaryImageOfPage\":{\"@id\":\"https:\\\/\\\/www.physiobell.fr\\\/les-articles-de-flo\\\/ce-nest-pas-de-lesthetique-cest-de-lesthetique-integrative\\\/#mainImage\"},\"datePublished\":\"2026-08-31T07:26:00+02:00\",\"dateModified\":\"2026-08-01T14:56:26+02:00\"},{\"@type\":\"WebSite\",\"@id\":\"https:\\\/\\\/www.physiobell.fr\\\/les-articles-de-flo\\\/#website\",\"url\":\"https:\\\/\\\/www.physiobell.fr\\\/les-articles-de-flo\\\/\",\"name\":\"Le blog de Florence\",\"description\":\"Nous formons, vous excellez !\",\"inLanguage\":\"fr-FR\",\"publisher\":{\"@id\":\"https:\\\/\\\/www.physiobell.fr\\\/les-articles-de-flo\\\/#person\"}}]}\n\t\t<\/script>\n\t\t<!-- All in One SEO -->\n\n","aioseo_head_json":{"title":"Ce n\u2019est pas de l\u2019esth\u00e9tique. C\u2019est de l\u2019esth\u00e9tique int\u00e9grative - Le blog de Florence","description":"Il existe une m\u00e9decine int\u00e9grative. Il existe, d\u00e9sormais, une esth\u00e9tique int\u00e9grative. Et nous ouvrons cette \u00e8re. Le mot qui manquait Pendant des ann\u00e9es, j\u2019ai cherch\u00e9 comment nommer ce que je faisais r\u00e9ellement. Je ne faisais pas \u00ab de l\u2019esth\u00e9tique classique \u00bb. Je ne faisais pas \u00ab du bien-\u00eatre flou \u00bb. Je ne faisais pas \u00ab","canonical_url":"https:\/\/www.physiobell.fr\/les-articles-de-flo\/ce-nest-pas-de-lesthetique-cest-de-lesthetique-integrative\/","robots":"max-image-preview:large","keywords":"","webmasterTools":{"miscellaneous":""},"schema":{"@context":"https:\/\/schema.org","@graph":[{"@type":"BlogPosting","@id":"https:\/\/www.physiobell.fr\/les-articles-de-flo\/ce-nest-pas-de-lesthetique-cest-de-lesthetique-integrative\/#blogposting","name":"Ce n\u2019est pas de l\u2019esth\u00e9tique. C\u2019est de l\u2019esth\u00e9tique int\u00e9grative - Le blog de Florence","headline":"Ce n&rsquo;est pas de l&rsquo;esth\u00e9tique. C&rsquo;est de l&rsquo;esth\u00e9tique int\u00e9grative","author":{"@id":"https:\/\/www.physiobell.fr\/les-articles-de-flo\/author\/florenceansar\/#author"},"publisher":{"@id":"https:\/\/www.physiobell.fr\/les-articles-de-flo\/#person"},"image":{"@type":"ImageObject","url":"https:\/\/www.physiobell.fr\/les-articles-de-flo\/wp-content\/uploads\/sites\/3\/2026\/08\/ChatGPT-Image-1-aout-2026-14_30_53-1.png","width":1729,"height":910},"datePublished":"2026-08-31T07:26:00+02:00","dateModified":"2026-08-01T14:56:26+02:00","inLanguage":"fr-FR","mainEntityOfPage":{"@id":"https:\/\/www.physiobell.fr\/les-articles-de-flo\/ce-nest-pas-de-lesthetique-cest-de-lesthetique-integrative\/#webpage"},"isPartOf":{"@id":"https:\/\/www.physiobell.fr\/les-articles-de-flo\/ce-nest-pas-de-lesthetique-cest-de-lesthetique-integrative\/#webpage"},"articleSection":"Business &amp; Strat\u00e9gie, Neuro-Esth\u00e9tique\u00ae, entreprise, neuro-esth\u00e9tique, r\u00e9ussite"},{"@type":"BreadcrumbList","@id":"https:\/\/www.physiobell.fr\/les-articles-de-flo\/ce-nest-pas-de-lesthetique-cest-de-lesthetique-integrative\/#breadcrumblist","itemListElement":[{"@type":"ListItem","@id":"https:\/\/www.physiobell.fr\/les-articles-de-flo#listItem","position":1,"name":"Home","item":"https:\/\/www.physiobell.fr\/les-articles-de-flo","nextItem":{"@type":"ListItem","@id":"https:\/\/www.physiobell.fr\/les-articles-de-flo\/category\/business-strategie\/#listItem","name":"Business &amp; Strat\u00e9gie"}},{"@type":"ListItem","@id":"https:\/\/www.physiobell.fr\/les-articles-de-flo\/category\/business-strategie\/#listItem","position":2,"name":"Business &amp; Strat\u00e9gie","item":"https:\/\/www.physiobell.fr\/les-articles-de-flo\/category\/business-strategie\/","nextItem":{"@type":"ListItem","@id":"https:\/\/www.physiobell.fr\/les-articles-de-flo\/ce-nest-pas-de-lesthetique-cest-de-lesthetique-integrative\/#listItem","name":"Ce n&rsquo;est pas de l&rsquo;esth\u00e9tique. C&rsquo;est de l&rsquo;esth\u00e9tique int\u00e9grative"},"previousItem":{"@type":"ListItem","@id":"https:\/\/www.physiobell.fr\/les-articles-de-flo#listItem","name":"Home"}},{"@type":"ListItem","@id":"https:\/\/www.physiobell.fr\/les-articles-de-flo\/ce-nest-pas-de-lesthetique-cest-de-lesthetique-integrative\/#listItem","position":3,"name":"Ce n&rsquo;est pas de l&rsquo;esth\u00e9tique. C&rsquo;est de l&rsquo;esth\u00e9tique int\u00e9grative","previousItem":{"@type":"ListItem","@id":"https:\/\/www.physiobell.fr\/les-articles-de-flo\/category\/business-strategie\/#listItem","name":"Business &amp; Strat\u00e9gie"}}]},{"@type":"Person","@id":"https:\/\/www.physiobell.fr\/les-articles-de-flo\/#person","name":"Florence ANSAR","image":{"@type":"ImageObject","@id":"https:\/\/www.physiobell.fr\/les-articles-de-flo\/ce-nest-pas-de-lesthetique-cest-de-lesthetique-integrative\/#personImage","url":"https:\/\/secure.gravatar.com\/avatar\/0e34b9b81dc6ae365fb9181191b967c98a93752d3fef11cba8f39ff94e04249b?s=96&d=mm&r=g","width":96,"height":96,"caption":"Florence ANSAR"}},{"@type":"Person","@id":"https:\/\/www.physiobell.fr\/les-articles-de-flo\/author\/florenceansar\/#author","url":"https:\/\/www.physiobell.fr\/les-articles-de-flo\/author\/florenceansar\/","name":"Florence ANSAR","image":{"@type":"ImageObject","@id":"https:\/\/www.physiobell.fr\/les-articles-de-flo\/ce-nest-pas-de-lesthetique-cest-de-lesthetique-integrative\/#authorImage","url":"https:\/\/secure.gravatar.com\/avatar\/0e34b9b81dc6ae365fb9181191b967c98a93752d3fef11cba8f39ff94e04249b?s=96&d=mm&r=g","width":96,"height":96,"caption":"Florence ANSAR"}},{"@type":"WebPage","@id":"https:\/\/www.physiobell.fr\/les-articles-de-flo\/ce-nest-pas-de-lesthetique-cest-de-lesthetique-integrative\/#webpage","url":"https:\/\/www.physiobell.fr\/les-articles-de-flo\/ce-nest-pas-de-lesthetique-cest-de-lesthetique-integrative\/","name":"Ce n\u2019est pas de l\u2019esth\u00e9tique. C\u2019est de l\u2019esth\u00e9tique int\u00e9grative - Le blog de Florence","description":"Il existe une m\u00e9decine int\u00e9grative. Il existe, d\u00e9sormais, une esth\u00e9tique int\u00e9grative. Et nous ouvrons cette \u00e8re. Le mot qui manquait Pendant des ann\u00e9es, j\u2019ai cherch\u00e9 comment nommer ce que je faisais r\u00e9ellement. Je ne faisais pas \u00ab de l\u2019esth\u00e9tique classique \u00bb. Je ne faisais pas \u00ab du bien-\u00eatre flou \u00bb. Je ne faisais pas \u00ab","inLanguage":"fr-FR","isPartOf":{"@id":"https:\/\/www.physiobell.fr\/les-articles-de-flo\/#website"},"breadcrumb":{"@id":"https:\/\/www.physiobell.fr\/les-articles-de-flo\/ce-nest-pas-de-lesthetique-cest-de-lesthetique-integrative\/#breadcrumblist"},"author":{"@id":"https:\/\/www.physiobell.fr\/les-articles-de-flo\/author\/florenceansar\/#author"},"creator":{"@id":"https:\/\/www.physiobell.fr\/les-articles-de-flo\/author\/florenceansar\/#author"},"image":{"@type":"ImageObject","url":"https:\/\/www.physiobell.fr\/les-articles-de-flo\/wp-content\/uploads\/sites\/3\/2026\/08\/ChatGPT-Image-1-aout-2026-14_30_53-1.png","@id":"https:\/\/www.physiobell.fr\/les-articles-de-flo\/ce-nest-pas-de-lesthetique-cest-de-lesthetique-integrative\/#mainImage","width":1729,"height":910},"primaryImageOfPage":{"@id":"https:\/\/www.physiobell.fr\/les-articles-de-flo\/ce-nest-pas-de-lesthetique-cest-de-lesthetique-integrative\/#mainImage"},"datePublished":"2026-08-31T07:26:00+02:00","dateModified":"2026-08-01T14:56:26+02:00"},{"@type":"WebSite","@id":"https:\/\/www.physiobell.fr\/les-articles-de-flo\/#website","url":"https:\/\/www.physiobell.fr\/les-articles-de-flo\/","name":"Le blog de Florence","description":"Nous formons, vous excellez !","inLanguage":"fr-FR","publisher":{"@id":"https:\/\/www.physiobell.fr\/les-articles-de-flo\/#person"}}]},"og:locale":"fr_FR","og:site_name":"Le blog de Florence - Nous formons, vous excellez !","og:type":"article","og:title":"Ce n\u2019est pas de l\u2019esth\u00e9tique. C\u2019est de l\u2019esth\u00e9tique int\u00e9grative - Le blog de Florence","og:description":"Il existe une m\u00e9decine int\u00e9grative. Il existe, d\u00e9sormais, une esth\u00e9tique int\u00e9grative. Et nous ouvrons cette \u00e8re. Le mot qui manquait Pendant des ann\u00e9es, j\u2019ai cherch\u00e9 comment nommer ce que je faisais r\u00e9ellement. Je ne faisais pas \u00ab de l\u2019esth\u00e9tique classique \u00bb. Je ne faisais pas \u00ab du bien-\u00eatre flou \u00bb. Je ne faisais pas \u00ab","og:url":"https:\/\/www.physiobell.fr\/les-articles-de-flo\/ce-nest-pas-de-lesthetique-cest-de-lesthetique-integrative\/","og:image":"https:\/\/www.physiobell.fr\/les-articles-de-flo\/wp-content\/uploads\/sites\/3\/2026\/05\/cropped-Florence-photo-en-tete-blog.png","og:image:secure_url":"https:\/\/www.physiobell.fr\/les-articles-de-flo\/wp-content\/uploads\/sites\/3\/2026\/05\/cropped-Florence-photo-en-tete-blog.png","og:image:width":378,"og:image:height":351,"article:published_time":"2026-08-31T05:26:00+00:00","article:modified_time":"2026-08-01T12:56:26+00:00","article:publisher":"https:\/\/www.facebook.com\/physiobell.fr\/","twitter:card":"summary_large_image","twitter:title":"Ce n\u2019est pas de l\u2019esth\u00e9tique. C\u2019est de l\u2019esth\u00e9tique int\u00e9grative - Le blog de Florence","twitter:description":"Il existe une m\u00e9decine int\u00e9grative. Il existe, d\u00e9sormais, une esth\u00e9tique int\u00e9grative. Et nous ouvrons cette \u00e8re. Le mot qui manquait Pendant des ann\u00e9es, j\u2019ai cherch\u00e9 comment nommer ce que je faisais r\u00e9ellement. Je ne faisais pas \u00ab de l\u2019esth\u00e9tique classique \u00bb. Je ne faisais pas \u00ab du bien-\u00eatre flou \u00bb. Je ne faisais pas \u00ab","twitter:image":"https:\/\/www.physiobell.fr\/les-articles-de-flo\/wp-content\/uploads\/sites\/3\/2026\/05\/cropped-Florence-photo-en-tete-blog.png"},"aioseo_meta_data":{"post_id":"833","title":"#post_title #separator_sa #site_title","description":"#post_excerpt","keywords":null,"keyphrases":{"focus":{"keyphrase":"","score":0,"analysis":{"keyphraseInTitle":{"score":0,"maxScore":9,"error":1}}},"additional":[]},"primary_term":null,"canonical_url":null,"og_title":null,"og_description":null,"og_object_type":"default","og_image_type":"default","og_image_custom_url":null,"og_image_custom_fields":null,"og_image_url":null,"og_image_width":null,"og_image_height":null,"og_video":"","og_custom_url":null,"og_article_section":null,"og_article_tags":null,"twitter_use_og":false,"twitter_card":"default","twitter_image_type":"default","twitter_image_custom_url":null,"twitter_image_custom_fields":null,"twitter_image_url":null,"twitter_title":null,"twitter_description":null,"schema_type":"default","schema_type_options":null,"schema":{"blockGraphs":[],"customGraphs":[],"default":{"data":{"Article":[],"Course":[],"Dataset":[],"FAQPage":[],"Movie":[],"Person":[],"Product":[],"ProductReview":[],"Car":[],"Recipe":[],"Service":[],"SoftwareApplication":[],"WebPage":[]},"graphName":"BlogPosting","isEnabled":true},"graphs":[]},"pillar_content":false,"robots_default":true,"robots_noindex":false,"robots_noarchive":false,"robots_nosnippet":false,"robots_nofollow":false,"robots_noimageindex":false,"robots_noodp":false,"robots_notranslate":false,"robots_max_snippet":"-1","robots_max_videopreview":"-1","robots_max_imagepreview":"large","priority":null,"frequency":"default","local_seo":null,"limit_modified_date":false,"ai":{"faqs":[],"keyPoints":[],"schemas":[],"titles":[],"descriptions":[],"socialPosts":{"email":[],"linkedin":[],"twitter":[],"facebook":[],"instagram":[]}},"breadcrumb_settings":null,"seo_analyzer_scan_date":null,"created":"2026-08-01 12:31:46","updated":"2026-08-31 11:22:40"},"aioseo_breadcrumb":"<div class=\"aioseo-breadcrumbs\"><span class=\"aioseo-breadcrumb\">\n\t\t\t<a href=\"https:\/\/www.physiobell.fr\/les-articles-de-flo\" title=\"Home\">Home<\/a>\n\t\t<\/span><span class=\"aioseo-breadcrumb-separator\">&raquo;<\/span><span class=\"aioseo-breadcrumb\">\n\t\t\t<a href=\"https:\/\/www.physiobell.fr\/les-articles-de-flo\/category\/business-strategie\/\" title=\"Business &amp; Strat\u00e9gie\">Business &amp; Strat\u00e9gie<\/a>\n\t\t<\/span><span class=\"aioseo-breadcrumb-separator\">&raquo;<\/span><span class=\"aioseo-breadcrumb\">\n\t\t\tCe n\u2019est pas de l\u2019esth\u00e9tique. C\u2019est de l\u2019esth\u00e9tique int\u00e9grative\n\t\t<\/span><\/div>","aioseo_breadcrumb_json":[{"label":"Home","link":"https:\/\/www.physiobell.fr\/les-articles-de-flo"},{"label":"Business &amp; Strat\u00e9gie","link":"https:\/\/www.physiobell.fr\/les-articles-de-flo\/category\/business-strategie\/"},{"label":"Ce n&rsquo;est pas de l&rsquo;esth\u00e9tique. C&rsquo;est de l&rsquo;esth\u00e9tique int\u00e9grative","link":"https:\/\/www.physiobell.fr\/les-articles-de-flo\/ce-nest-pas-de-lesthetique-cest-de-lesthetique-integrative\/"}],"_links":{"self":[{"href":"https:\/\/www.physiobell.fr\/les-articles-de-flo\/wp-json\/wp\/v2\/posts\/833","targetHints":{"allow":["GET"]}}],"collection":[{"href":"https:\/\/www.physiobell.fr\/les-articles-de-flo\/wp-json\/wp\/v2\/posts"}],"about":[{"href":"https:\/\/www.physiobell.fr\/les-articles-de-flo\/wp-json\/wp\/v2\/types\/post"}],"author":[{"embeddable":true,"href":"https:\/\/www.physiobell.fr\/les-articles-de-flo\/wp-json\/wp\/v2\/users\/5"}],"replies":[{"embeddable":true,"href":"https:\/\/www.physiobell.fr\/les-articles-de-flo\/wp-json\/wp\/v2\/comments?post=833"}],"version-history":[{"count":0,"href":"https:\/\/www.physiobell.fr\/les-articles-de-flo\/wp-json\/wp\/v2\/posts\/833\/revisions"}],"wp:featuredmedia":[{"embeddable":true,"href":"https:\/\/www.physiobell.fr\/les-articles-de-flo\/wp-json\/wp\/v2\/media\/834"}],"wp:attachment":[{"href":"https:\/\/www.physiobell.fr\/les-articles-de-flo\/wp-json\/wp\/v2\/media?parent=833"}],"wp:term":[{"taxonomy":"category","embeddable":true,"href":"https:\/\/www.physiobell.fr\/les-articles-de-flo\/wp-json\/wp\/v2\/categories?post=833"},{"taxonomy":"post_tag","embeddable":true,"href":"https:\/\/www.physiobell.fr\/les-articles-de-flo\/wp-json\/wp\/v2\/tags?post=833"}],"curies":[{"name":"wp","href":"https:\/\/api.w.org\/{rel}","templated":true}]}}