{"id":835,"date":"2026-09-01T07:31:00","date_gmt":"2026-09-01T05:31:00","guid":{"rendered":"https:\/\/www.physiobell.fr\/les-articles-de-flo\/?p=835"},"modified":"2026-08-01T14:53:30","modified_gmt":"2026-08-01T12:53:30","slug":"la-neuro-esthetique-est-de-lesthetique-integrative-et-cest-ce-qui-change-tout","status":"publish","type":"post","link":"https:\/\/www.physiobell.fr\/les-articles-de-flo\/la-neuro-esthetique-est-de-lesthetique-integrative-et-cest-ce-qui-change-tout\/","title":{"rendered":"La Neuro-Esth\u00e9tique\u00ae est de l&rsquo;esth\u00e9tique int\u00e9grative. Et c&rsquo;est ce qui change tout"},"content":{"rendered":"\n<div style=\"background:#F5EFE7;border-radius:16px;padding:30px 34px;margin:0 0 10px;\">\n<p style=\"font-family:'Philosopher',Georgia,serif;font-style:italic;font-size:21px;line-height:1.5;color:#01222B;margin:0;\">La Neuro-Esth\u00e9tique\u00ae n&rsquo;est pas une esth\u00e9tique de plus. C&rsquo;est la premi\u00e8re esth\u00e9tique int\u00e9grative structur\u00e9e en \u00e9cole.<\/p>\n<\/div>\n\n\n\n<h2 class=\"wp-block-heading\">Ce que fait vraiment la Neuro-Esth\u00e9tique\u00ae<\/h2>\n\n\n\n<p>Depuis six ans que je l&rsquo;enseigne, je vois la m\u00eame chose se produire dans chaque promotion. Les professionnelles qui arrivent en formation savent faire beaucoup. Elles ma\u00eetrisent des gestes, des appareils, des protocoles. Elles ont accumul\u00e9 des heures de pratique, parfois des d\u00e9cennies de m\u00e9tier. Et pourtant, elles butent toutes sur la m\u00eame chose : elles savent faire, mais elles n&rsquo;arrivent plus \u00e0 expliquer ce qu&rsquo;elles font vraiment.<\/p>\n\n\n\n<p>La Neuro-Esth\u00e9tique\u00ae leur donne les mots. Elle leur donne le cadre. Elle leur donne la m\u00e9thode qui relie ce qu&rsquo;elles pressentaient d\u00e9j\u00e0.<\/p>\n\n\n\n<p>Parce que la Neuro-Esth\u00e9tique\u00ae ne se contente pas d&rsquo;ajouter des techniques. Elle change la mani\u00e8re m\u00eame de comprendre le m\u00e9tier. Elle articule quatre piliers indissociables : les neurosciences appliqu\u00e9es au corps f\u00e9minin, la r\u00e9gulation du syst\u00e8me nerveux, le coaching motivationnel, et l&rsquo;excellence esth\u00e9tique technique. Ces quatre piliers ne s&#8217;empilent pas. Ils fonctionnent ensemble ou ils ne fonctionnent pas.<\/p>\n\n\n\n<p>C&rsquo;est cette articulation qui fait de la Neuro-Esth\u00e9tique\u00ae autre chose qu&rsquo;une formation avanc\u00e9e. C&rsquo;est ce qui en fait une esth\u00e9tique int\u00e9grative.<\/p>\n\n\n\n<h2 class=\"wp-block-heading\">Pourquoi \u00ab int\u00e9grative \u00bb ? Parce qu&rsquo;elle ne d\u00e9coupe pas.<\/h2>\n\n\n\n<p>Le mot vient de son contraire. Une esth\u00e9tique non int\u00e9grative d\u00e9coupe. Elle traite la peau sans regarder le sommeil. Elle propose une cure minceur sans interroger le stress. Elle applique un protocole raffermissant sans se demander pourquoi le corps a l\u00e2ch\u00e9 \u00e0 cet endroit pr\u00e9cis, \u00e0 ce moment pr\u00e9cis, chez cette femme pr\u00e9cise.<\/p>\n\n\n\n<p>Elle entre pour une porte. Elle ne voit qu&rsquo;une porte. Elle ne voit pas la maison.<\/p>\n\n\n\n<div style=\"background:#9D2F33;border-radius:20px;padding:38px 42px;margin:30px 0;text-align:center;\">\n<p style=\"font-family:'Philosopher',Georgia,serif;font-size:25px;line-height:1.42;color:#FFFFFF;margin:0;\">\u00ab Une Neuro-Esth\u00e9ticienne\u00ae entre par une porte. Mais elle voit la maison enti\u00e8re. \u00bb<\/p>\n<\/div>\n\n\n\n<p>La Neuro-Esth\u00e9tique\u00ae fait l&rsquo;inverse. Elle relie ce que les autres s\u00e9parent. La peau et le sommeil. Le ventre et le stress. La silhouette et l&rsquo;histoire. Le corps et celle qui l&rsquo;habite. Elle refuse le d\u00e9coupage parce qu&rsquo;elle a compris ce que trois si\u00e8cles de pens\u00e9e occidentale nous ont fait oublier : le vivant n&rsquo;est pas un empilement de pi\u00e8ces. C&rsquo;est un syst\u00e8me. Un syst\u00e8me o\u00f9 tout influence tout, tout le temps.<\/p>\n\n\n\n<p>Une cliente qui prend cinq kilos apr\u00e8s une s\u00e9paration ne prend pas cinq kilos parce qu&rsquo;elle mange trop. Elle les prend parce que son axe hypothalamo-hypophyso-surr\u00e9nalien tourne \u00e0 plein r\u00e9gime, parce que son cortisol change sa r\u00e9partition adipeuse, parce que son syst\u00e8me nerveux autonome n&rsquo;a plus d&rsquo;espace pour r\u00e9guler la faim, parce que son sommeil s&rsquo;est effondr\u00e9. La graisse n&rsquo;est pas la cause. Elle est la cons\u00e9quence. La cons\u00e9quence visible d&rsquo;un syst\u00e8me en surcharge.<\/p>\n\n\n\n<p>Une Neuro-Esth\u00e9ticienne\u00ae sait cela. Et elle en tient compte, \u00e0 chaque s\u00e9ance, dans chaque d\u00e9cision, dans chaque geste.<\/p>\n\n\n\n<h2 class=\"wp-block-heading\">Le parall\u00e8le qui \u00e9claire tout : la m\u00e9decine int\u00e9grative<\/h2>\n\n\n\n<p>La m\u00e9decine int\u00e9grative existe. Elle d\u00e9signe cette approche qui refuse de traiter un organe en oubliant la personne autour. Qui refuse de prescrire une mol\u00e9cule sans interroger le sommeil, l&rsquo;alimentation, le stress, la posture, l&rsquo;environnement. Qui refuse de s\u00e9parer ce qui, dans le corps humain, n&rsquo;a jamais \u00e9t\u00e9 s\u00e9par\u00e9.<\/p>\n\n\n\n<p>La Neuro-Esth\u00e9tique\u00ae fait la m\u00eame chose, \u00e0 sa place, avec ses moyens, sans jamais franchir la ligne du m\u00e9dical.<\/p>\n\n\n\n<p>L\u00e0 o\u00f9 la m\u00e9decine int\u00e9grative refuse de d\u00e9couper l&rsquo;organe de la personne, la Neuro-Esth\u00e9tique\u00ae refuse de d\u00e9couper la peau de la vie. L\u00e0 o\u00f9 la m\u00e9decine int\u00e9grative regarde le patient dans sa globalit\u00e9, la Neuro-Esth\u00e9tique\u00ae regarde la femme dans sa totalit\u00e9. L\u00e0 o\u00f9 la m\u00e9decine int\u00e9grative articule allopathie, nutrition, mouvement et r\u00e9gulation \u00e9motionnelle, la Neuro-Esth\u00e9tique\u00ae articule geste technique, r\u00e9gulation nerveuse, physiologie hormonale et accompagnement identitaire.<\/p>\n\n\n\n<p>Ce n&rsquo;est pas un hasard. C&rsquo;est le m\u00eame mouvement civilisationnel. Le retour du corps comme syst\u00e8me, contre trois si\u00e8cles d&rsquo;esprit s\u00e9par\u00e9. Et dans ce mouvement, la Neuro-Esth\u00e9tique\u00ae tient une place unique : celle de la premi\u00e8re esth\u00e9tique qui pense en syst\u00e8me.<\/p>\n\n\n\n<div style=\"background:#9D2F33;border-radius:20px;padding:38px 42px;margin:30px 0;text-align:center;\">\n<p style=\"font-family:'Philosopher',Georgia,serif;font-size:25px;line-height:1.42;color:#FFFFFF;margin:0;\">\u00ab La Neuro-Esth\u00e9tique\u00ae est \u00e0 l&rsquo;esth\u00e9tique ce que la m\u00e9decine int\u00e9grative est \u00e0 la m\u00e9decine. \u00bb<\/p>\n<\/div>\n\n\n\n<h2 class=\"wp-block-heading\">Les trois axes cliniques de la Neuro-Esth\u00e9tique\u00ae<\/h2>\n\n\n\n<p>Une esth\u00e9tique int\u00e9grative se reconna\u00eet \u00e0 ce qu&rsquo;elle traite. La Neuro-Esth\u00e9tique\u00ae travaille sur trois axes cliniques pr\u00e9cis. Ces trois axes ne sont pas des \u00ab sp\u00e9cialisations \u00bb au sens marketing. Ce sont trois territoires du vivant qu&rsquo;aucune esth\u00e9tique classique ne pouvait, jusqu&rsquo;ici, traiter ensemble.<\/p>\n\n\n\n<h3 class=\"wp-block-heading\">1. Le bien-vieillir<\/h3>\n\n\n\n<p>Pas l&rsquo;anti-\u00e2ge. Le bien-vieillir. La Neuro-Esth\u00e9tique\u00ae pose ici une distinction philosophique, pas cosm\u00e9tique. L&rsquo;anti-\u00e2ge fait la guerre au temps. Le bien-vieillir compose avec lui. L&rsquo;anti-\u00e2ge cache. Le bien-vieillir accompagne. L&rsquo;anti-\u00e2ge vend la peur. Le bien-vieillir vend une trajectoire.<\/p>\n\n\n\n<p>\u00c0 40 ans, une femme fran\u00e7aise a en moyenne quarante-cinq ann\u00e9es d&rsquo;esp\u00e9rance de vie devant elle. \u00c0 60 ans, elle en a encore vingt-huit. Ce n&rsquo;est qu&rsquo;autour de 51 ou 52 ans qu&rsquo;elle atteint la moiti\u00e9 de sa vie d&rsquo;adulte. La deuxi\u00e8me moiti\u00e9 n&rsquo;est pas une fin. C&rsquo;est une phase enti\u00e8re. Une phase pour laquelle la Neuro-Esth\u00e9tique\u00ae a construit une r\u00e9ponse structur\u00e9e, pas une op\u00e9ration de camouflage.<\/p>\n\n\n\n<div style=\"background:#9D2F33;border-radius:20px;padding:38px 42px;margin:30px 0;text-align:center;\">\n<p style=\"font-family:'Philosopher',Georgia,serif;font-size:25px;line-height:1.42;color:#FFFFFF;margin:0;\">\u00ab Vieillir n&rsquo;est pas le probl\u00e8me. Vieillir en guerre, si. \u00bb<\/p>\n<\/div>\n\n\n\n<h3 class=\"wp-block-heading\">2. La transformation corporelle<\/h3>\n\n\n\n<p>Pas la lutte contre les kilos. Le travail sur la permission. Une femme qui ne s&rsquo;autorise pas \u00e0 exister ne perd pas de poids durablement, quels que soient les appareils, les cures, les protocoles. Son syst\u00e8me biologique prot\u00e8ge. C&rsquo;est physiologique. Ce n&rsquo;est pas de la volont\u00e9 qui manque. C&rsquo;est un feu vert int\u00e9rieur.<\/p>\n\n\n\n<p>La Neuro-Esth\u00e9tique\u00ae ne fait pas maigrir. Elle autorise \u00e0 occuper sa place. Elle articule le geste esth\u00e9tique, la r\u00e9gulation nerveuse et le coaching motivationnel pour lever ce qui, dans le syst\u00e8me, bloquait la transformation. Le reste suit, quand le reste peut suivre.<\/p>\n\n\n\n<div style=\"background:#9D2F33;border-radius:20px;padding:38px 42px;margin:30px 0;text-align:center;\">\n<p style=\"font-family:'Philosopher',Georgia,serif;font-size:25px;line-height:1.42;color:#FFFFFF;margin:0;\">\u00ab Un corps que l&rsquo;on force se d\u00e9fend. Un corps que l&rsquo;on accompagne consent. \u00bb<\/p>\n<\/div>\n\n\n\n<h3 class=\"wp-block-heading\">3. L&rsquo;\u00e9quilibre int\u00e9rieur<\/h3>\n\n\n\n<p>Ce n&rsquo;est pas un troisi\u00e8me axe pos\u00e9 \u00e0 c\u00f4t\u00e9 des deux autres. C&rsquo;est le sol sur lequel les deux autres tiennent. Sans r\u00e9gulation du syst\u00e8me nerveux, un protocole de bien-vieillir \u00e9choue. Sans travail sur la posture int\u00e9rieure, une transformation corporelle rechute. Sans co-r\u00e9gulation, sans neuroception de s\u00e9curit\u00e9, sans espace pour que la femme se d\u00e9pose, tout le reste s&rsquo;effondre en six mois.<\/p>\n\n\n\n<p>La Neuro-Esth\u00e9tique\u00ae enseigne cela avec les cadres scientifiques les plus solides : la th\u00e9orie polyvagale de Stephen Porges, l&rsquo;exposome, l&rsquo;\u00e9pig\u00e9n\u00e9tique, la synergologie. L&rsquo;humain est un syst\u00e8me. Un syst\u00e8me n&rsquo;est stable que si son socle est stable.<\/p>\n\n\n\n<p>L&rsquo;\u00e9quilibre int\u00e9rieur, c&rsquo;est le socle. Et c&rsquo;est le geste inaugural de chaque Neuro-Esth\u00e9ticienne\u00ae : d&rsquo;abord poser le socle, ensuite tout le reste.<\/p>\n\n\n\n<h2 class=\"wp-block-heading\">Ce que la Neuro-Esth\u00e9tique\u00ae ne fait pas (et qui compte autant)<\/h2>\n\n\n\n<p>Une esth\u00e9tique int\u00e9grative se d\u00e9finit aussi par ce qu&rsquo;elle refuse. Il faut le dire clairement, parce que la confusion serait dangereuse pour tout le monde. Pour les clientes, pour la profession, pour le cadre l\u00e9gal qui nous prot\u00e8ge.<\/p>\n\n\n\n<div style=\"background:#9D2F33;border-radius:20px;padding:38px 42px;margin:30px 0;text-align:center;\">\n<p style=\"font-family:'Philosopher',Georgia,serif;font-size:25px;line-height:1.42;color:#FFFFFF;margin:0;\">\u00ab Une Neuro-Esth\u00e9ticienne\u00ae ne diagnostique pas. Ne prescrit pas. Ne traite pas. Elle rep\u00e8re, elle adapte, elle oriente. \u00bb<\/p>\n<\/div>\n\n\n\n<p>Une professionnelle form\u00e9e \u00e0 la Neuro-Esth\u00e9tique\u00ae devient ce que le docteur Odile Bagot appelle une sentinelle pr\u00e9ventive. Elle observe. Elle rep\u00e8re les signaux faibles. Elle sait quand orienter. Elle sait quand se taire. Elle sait quand adapter son geste, son rythme, son cadre. Elle ne remplace personne. Elle prend une place que personne ne prenait.<\/p>\n\n\n\n<p>Cette place, c&rsquo;est le maillon manquant dans la cha\u00eene de sant\u00e9 des femmes. Entre le m\u00e9decin qu&rsquo;on voit trop tard et le coach qu&rsquo;on voit trop cher. Entre la pharmacie qui vend un produit et la th\u00e9rapie qui reste inaccessible. Entre le protocole standardis\u00e9 et le sur-mesure v\u00e9ritable.<\/p>\n\n\n\n<p>La Neuro-Esth\u00e9tique\u00ae forme pr\u00e9cis\u00e9ment \u00e0 tenir cette place, sans jamais empi\u00e9ter sur d&rsquo;autres territoires professionnels. C&rsquo;est une posture exigeante, cadr\u00e9e, prot\u00e9g\u00e9e juridiquement, et immens\u00e9ment utile.<\/p>\n\n\n\n<h2 class=\"wp-block-heading\">Pourquoi la Neuro-Esth\u00e9tique\u00ae ouvre une nouvelle \u00e8re<\/h2>\n\n\n\n<p>Notre m\u00e9tier est au pied du mur. Les chiffres du secteur sont clairs. Quarante-trois pour cent des salari\u00e9es de la profession ont moins de 27 ans. \u00c0 l&rsquo;autre bout de la cha\u00eene, seulement quatre pour cent ont 55 ans ou plus. Nous avons une profession jeune qui accueille une client\u00e8le m\u00fbre. Une profession form\u00e9e \u00e0 la technique qui re\u00e7oit des femmes venues chercher de la globalit\u00e9. Une profession qui vend des s\u00e9ances quand ses clientes viennent chercher une trajectoire.<\/p>\n\n\n\n<p>Ce d\u00e9calage n&rsquo;est pas une nuance. C&rsquo;est une fracture. Et cette fracture s&rsquo;agrandit chaque ann\u00e9e.<\/p>\n\n\n\n<p>Face \u00e0 cette fracture, deux voies \u00e9taient possibles. Continuer \u00e0 empiler des techniques, des machines, des protocoles, en esp\u00e9rant que la quantit\u00e9 compense la fragmentation. Ou repenser compl\u00e8tement le m\u00e9tier autour d&rsquo;une nouvelle logique. La Neuro-Esth\u00e9tique\u00ae a choisi la seconde voie. Elle est la premi\u00e8re formation en France qui structure une esth\u00e9tique int\u00e9grative compl\u00e8te, avec ses cadres scientifiques, ses trois axes cliniques, ses quatre piliers de comp\u00e9tences, et son cadre juridique clair.<\/p>\n\n\n\n<p>Ajoutons \u00e0 cela que trois si\u00e8cles de pens\u00e9e occidentale ont hi\u00e9rarchis\u00e9 les m\u00e9tiers selon leur distance au corps. Plus un m\u00e9tier s&rsquo;\u00e9loignait du corps, plus il gagnait en prestige. Les m\u00e9tiers du toucher, du geste, de la main, de la peau ont \u00e9t\u00e9 rel\u00e9gu\u00e9s. Sans cesse. Syst\u00e9matiquement. Ce m\u00e9pris nous colle \u00e0 la peau depuis trois cents ans.<\/p>\n\n\n\n<p>Mais les neurosciences retournent la table. L&rsquo;intelligence artificielle retourne la table. Le corps n&rsquo;est plus une machine que l&rsquo;esprit dirige. Le corps est un partenaire de la pens\u00e9e, un syst\u00e8me d&rsquo;information \u00e0 part enti\u00e8re, ce sur quoi tout se construit. Et la Neuro-Esth\u00e9tique\u00ae se retrouve, brutalement, au bon endroit au bon moment.<\/p>\n\n\n\n<div style=\"background:#9D2F33;border-radius:20px;padding:38px 42px;margin:30px 0;text-align:center;\">\n<p style=\"font-family:'Philosopher',Georgia,serif;font-size:25px;line-height:1.42;color:#FFFFFF;margin:0;\">\u00ab La Neuro-Esth\u00e9tique\u00ae ne suit pas une tendance. Elle en pose une. \u00bb<\/p>\n<\/div>\n\n\n\n<h2 class=\"wp-block-heading\">Ce que devient une professionnelle form\u00e9e \u00e0 la Neuro-Esth\u00e9tique\u00ae<\/h2>\n\n\n\n<p>Une Neuro-Esth\u00e9ticienne\u00ae ne pense pas comme une esth\u00e9ticienne classique. Elle pense en syst\u00e8me. Elle d\u00e9cide devant une femme qu&rsquo;elle n&rsquo;a jamais vue, \u00e0 partir d&rsquo;une lecture globale, en articulant plusieurs registres \u00e0 la fois : la peau, le stress, le sommeil, l&rsquo;histoire, la posture, le rapport au corps, la trajectoire de vie.<\/p>\n\n\n\n<p>Elle construit une m\u00e9thodologie plut\u00f4t qu&rsquo;un protocole. Elle sait quand acc\u00e9l\u00e9rer, quand freiner, quand ralentir, quand rediriger. Elle refuse la th\u00e9orie hors sol et le geste sans compr\u00e9hension. Elle articule le geste et le sens, la technique et la pr\u00e9sence, l&rsquo;appareil et la relation.<\/p>\n\n\n\n<p>Elle prend une place que le secteur attendait sans le savoir. Une place qui rassure les clientes, qui structure les instituts, qui l\u00e9gitime la profession, qui rend visible ce que nos m\u00e9tiers font depuis toujours mais sans avoir jamais eu les mots pour le dire.<\/p>\n\n\n\n<p>C&rsquo;est cela, l&rsquo;esth\u00e9tique int\u00e9grative. Et c&rsquo;est cela, la Neuro-Esth\u00e9tique\u00ae.<\/p>\n\n\n\n<p>Il aura fallu du temps pour construire la m\u00e9thode. Il aura fallu du temps pour former les premi\u00e8res promotions. Il aura fallu du temps pour que le secteur soit pr\u00eat \u00e0 entendre.<\/p>\n\n\n\n<p>Aujourd&rsquo;hui, la Neuro-Esth\u00e9tique\u00ae existe. Elle a un nom, une m\u00e9thode, une \u00e9cole, des professionnelles dipl\u00f4m\u00e9es, une communaut\u00e9 qui grandit. Elle est reconnue par ses pairs, par ses clientes, par les partenaires les plus exigeants du secteur.<\/p>\n\n\n\n<p>Ce que nous vivons n&rsquo;est pas une \u00e9volution du m\u00e9tier. C&rsquo;est une refondation. Et la Neuro-Esth\u00e9tique\u00ae en est la colonne vert\u00e9brale.<\/p>\n\n\n\n<div style=\"background:#01222B;border-radius:24px;padding:42px 40px;margin:38px 0 14px;text-align:center;\">\n<p style=\"font-family:'Philosopher',Georgia,serif;font-size:26px;line-height:1.3;color:#FFFFFF;margin:0 0 14px;\">Le livre est l\u00e0.<\/p>\n<p style=\"font-family:'Mulish',Arial,sans-serif;font-size:16px;line-height:1.65;color:rgba(255,255,255,.82);margin:0 auto 14px;max-width:540px;\">Tout ce que la Neuro-Esth\u00e9tique\u00ae a construit en six ans, r\u00e9uni dans un ouvrage de r\u00e9f\u00e9rence. Le manifeste, la m\u00e9thode, les trois axes, les cadres scientifiques, les cas concrets. Pour toutes celles qui veulent comprendre ce qui est en train de se passer dans notre m\u00e9tier.<\/p>\n<a href=\"[LIEN_ACHAT_LIVRE]\" target=\"_blank\" rel=\"noopener noreferrer\" style=\"display:inline-block;background:#F5EFE7;color:#9D2F33;font-family:'Mulish',Arial,sans-serif;font-weight:700;font-size:15px;text-decoration:none;padding:15px 32px;border-radius:40px;margin-top:8px;\">Acheter le livre \u2192<\/a>\n<\/div>\n\n\n\n<div style=\"background:#F5EFE7;border-radius:16px;padding:24px 30px;margin:14px 0;text-align:center;\">\n<p style=\"font-family:'Mulish',Arial,sans-serif;font-size:15px;line-height:1.6;color:#01222B;margin:0 0 10px;\">Et si tu veux te former \u00e0 la m\u00e9thode elle-m\u00eame :<\/p>\n<a href=\"https:\/\/www.physiobell.fr\/\" target=\"_blank\" rel=\"noopener noreferrer\" style=\"display:inline-block;background:#9D2F33;color:#FFFFFF;font-family:'Mulish',Arial,sans-serif;font-weight:700;font-size:14px;text-decoration:none;padding:12px 28px;border-radius:40px;\">D\u00e9couvrir la formation Neuro-Esth\u00e9tique\u00ae \u2192<\/a>\n<\/div>\n\n\n\n<p class=\"has-text-align-center\"><em>\u2014 Florence<\/em><\/p>\n\n\n","protected":false},"excerpt":{"rendered":"<p>La Neuro-Esth\u00e9tique\u00ae n&rsquo;est pas une esth\u00e9tique de plus. C&rsquo;est la premi\u00e8re esth\u00e9tique int\u00e9grative structur\u00e9e en \u00e9cole. Ce que fait vraiment [&hellip;]<\/p>\n","protected":false},"author":5,"featured_media":836,"comment_status":"closed","ping_status":"open","sticky":true,"template":"","format":"standard","meta":{"_monsterinsights_skip_tracking":false,"site-sidebar-layout":"default","site-content-layout":"","ast-site-content-layout":"default","site-content-style":"default","site-sidebar-style":"default","ast-global-header-display":"","ast-banner-title-visibility":"","ast-main-header-display":"","ast-hfb-above-header-display":"","ast-hfb-below-header-display":"","ast-hfb-mobile-header-display":"","site-post-title":"","ast-breadcrumbs-content":"","ast-featured-img":"","footer-sml-layout":"","ast-disable-related-posts":"","theme-transparent-header-meta":"","adv-header-id-meta":"","stick-header-meta":"","header-above-stick-meta":"","header-main-stick-meta":"","header-below-stick-meta":"","astra-migrate-meta-layouts":"default","ast-page-background-enabled":"default","ast-page-background-meta":{"desktop":{"background-color":"var(--ast-global-color-5)","background-image":"","background-repeat":"repeat","background-position":"center center","background-size":"auto","background-attachment":"scroll","background-type":"","background-media":"","overlay-type":"","overlay-color":"","overlay-opacity":"","overlay-gradient":""},"tablet":{"background-color":"","background-image":"","background-repeat":"repeat","background-position":"center center","background-size":"auto","background-attachment":"scroll","background-type":"","background-media":"","overlay-type":"","overlay-color":"","overlay-opacity":"","overlay-gradient":""},"mobile":{"background-color":"","background-image":"","background-repeat":"repeat","background-position":"center center","background-size":"auto","background-attachment":"scroll","background-type":"","background-media":"","overlay-type":"","overlay-color":"","overlay-opacity":"","overlay-gradient":""}},"ast-content-background-meta":{"desktop":{"background-color":"var(--ast-global-color-4)","background-image":"","background-repeat":"repeat","background-position":"center center","background-size":"auto","background-attachment":"scroll","background-type":"","background-media":"","overlay-type":"","overlay-color":"","overlay-opacity":"","overlay-gradient":""},"tablet":{"background-color":"var(--ast-global-color-4)","background-image":"","background-repeat":"repeat","background-position":"center center","background-size":"auto","background-attachment":"scroll","background-type":"","background-media":"","overlay-type":"","overlay-color":"","overlay-opacity":"","overlay-gradient":""},"mobile":{"background-color":"var(--ast-global-color-4)","background-image":"","background-repeat":"repeat","background-position":"center center","background-size":"auto","background-attachment":"scroll","background-type":"","background-media":"","overlay-type":"","overlay-color":"","overlay-opacity":"","overlay-gradient":""}},"footnotes":""},"categories":[1],"tags":[],"class_list":["post-835","post","type-post","status-publish","format-standard","has-post-thumbnail","hentry","category-non-classe"],"aioseo_notices":[],"aioseo_head":"\n\t\t<!-- All in One SEO 4.9.8 - aioseo.com -->\n\t<meta name=\"description\" content=\"La Neuro-Esth\u00e9tique\u00ae n&#039;est pas une esth\u00e9tique de plus. C&#039;est la premi\u00e8re esth\u00e9tique int\u00e9grative structur\u00e9e en \u00e9cole. Ce que fait vraiment la Neuro-Esth\u00e9tique\u00ae Depuis six ans que je l&#039;enseigne, je vois la m\u00eame chose se produire dans chaque promotion. Les professionnelles qui arrivent en formation savent faire beaucoup. Elles ma\u00eetrisent des gestes, des appareils, des protocoles.\" \/>\n\t<meta name=\"robots\" content=\"max-image-preview:large\" \/>\n\t<meta name=\"author\" content=\"Florence ANSAR\"\/>\n\t<link rel=\"canonical\" href=\"https:\/\/www.physiobell.fr\/les-articles-de-flo\/la-neuro-esthetique-est-de-lesthetique-integrative-et-cest-ce-qui-change-tout\/\" \/>\n\t<meta name=\"generator\" content=\"All in One SEO (AIOSEO) 4.9.8\" \/>\n\t\t<meta property=\"og:locale\" content=\"fr_FR\" \/>\n\t\t<meta property=\"og:site_name\" content=\"Le blog de Florence - Nous formons, vous excellez !\" \/>\n\t\t<meta property=\"og:type\" content=\"article\" \/>\n\t\t<meta property=\"og:title\" content=\"La Neuro-Esth\u00e9tique\u00ae est de l\u2019esth\u00e9tique int\u00e9grative. Et c\u2019est ce qui change tout - Le blog de Florence\" \/>\n\t\t<meta property=\"og:description\" content=\"La Neuro-Esth\u00e9tique\u00ae n&#039;est pas une esth\u00e9tique de plus. C&#039;est la premi\u00e8re esth\u00e9tique int\u00e9grative structur\u00e9e en \u00e9cole. Ce que fait vraiment la Neuro-Esth\u00e9tique\u00ae Depuis six ans que je l&#039;enseigne, je vois la m\u00eame chose se produire dans chaque promotion. Les professionnelles qui arrivent en formation savent faire beaucoup. Elles ma\u00eetrisent des gestes, des appareils, des protocoles.\" \/>\n\t\t<meta property=\"og:url\" content=\"https:\/\/www.physiobell.fr\/les-articles-de-flo\/la-neuro-esthetique-est-de-lesthetique-integrative-et-cest-ce-qui-change-tout\/\" \/>\n\t\t<meta property=\"og:image\" content=\"https:\/\/www.physiobell.fr\/les-articles-de-flo\/wp-content\/uploads\/sites\/3\/2026\/05\/cropped-Florence-photo-en-tete-blog.png\" \/>\n\t\t<meta property=\"og:image:secure_url\" content=\"https:\/\/www.physiobell.fr\/les-articles-de-flo\/wp-content\/uploads\/sites\/3\/2026\/05\/cropped-Florence-photo-en-tete-blog.png\" \/>\n\t\t<meta property=\"og:image:width\" content=\"378\" \/>\n\t\t<meta property=\"og:image:height\" content=\"351\" \/>\n\t\t<meta property=\"article:published_time\" content=\"2026-09-01T05:31:00+00:00\" \/>\n\t\t<meta property=\"article:modified_time\" content=\"2026-08-01T12:53:30+00:00\" \/>\n\t\t<meta property=\"article:publisher\" content=\"https:\/\/www.facebook.com\/physiobell.fr\/\" \/>\n\t\t<meta name=\"twitter:card\" content=\"summary_large_image\" \/>\n\t\t<meta name=\"twitter:title\" content=\"La Neuro-Esth\u00e9tique\u00ae est de l\u2019esth\u00e9tique int\u00e9grative. Et c\u2019est ce qui change tout - Le blog de Florence\" \/>\n\t\t<meta name=\"twitter:description\" content=\"La Neuro-Esth\u00e9tique\u00ae n&#039;est pas une esth\u00e9tique de plus. C&#039;est la premi\u00e8re esth\u00e9tique int\u00e9grative structur\u00e9e en \u00e9cole. Ce que fait vraiment la Neuro-Esth\u00e9tique\u00ae Depuis six ans que je l&#039;enseigne, je vois la m\u00eame chose se produire dans chaque promotion. Les professionnelles qui arrivent en formation savent faire beaucoup. Elles ma\u00eetrisent des gestes, des appareils, des protocoles.\" \/>\n\t\t<meta name=\"twitter:image\" content=\"https:\/\/www.physiobell.fr\/les-articles-de-flo\/wp-content\/uploads\/sites\/3\/2026\/05\/cropped-Florence-photo-en-tete-blog.png\" \/>\n\t\t<script type=\"application\/ld+json\" class=\"aioseo-schema\">\n\t\t\t{\"@context\":\"https:\\\/\\\/schema.org\",\"@graph\":[{\"@type\":\"BlogPosting\",\"@id\":\"https:\\\/\\\/www.physiobell.fr\\\/les-articles-de-flo\\\/la-neuro-esthetique-est-de-lesthetique-integrative-et-cest-ce-qui-change-tout\\\/#blogposting\",\"name\":\"La Neuro-Esth\\u00e9tique\\u00ae est de l\\u2019esth\\u00e9tique int\\u00e9grative. Et c\\u2019est ce qui change tout - Le blog de Florence\",\"headline\":\"La Neuro-Esth\\u00e9tique\\u00ae est de l&rsquo;esth\\u00e9tique int\\u00e9grative. Et c&rsquo;est ce qui change tout\",\"author\":{\"@id\":\"https:\\\/\\\/www.physiobell.fr\\\/les-articles-de-flo\\\/author\\\/florenceansar\\\/#author\"},\"publisher\":{\"@id\":\"https:\\\/\\\/www.physiobell.fr\\\/les-articles-de-flo\\\/#person\"},\"image\":{\"@type\":\"ImageObject\",\"url\":\"https:\\\/\\\/www.physiobell.fr\\\/les-articles-de-flo\\\/wp-content\\\/uploads\\\/sites\\\/3\\\/2026\\\/08\\\/ChatGPT-Image-1-aout-2026-14_36_43-1.png\",\"width\":1731,\"height\":909},\"datePublished\":\"2026-09-01T07:31:00+02:00\",\"dateModified\":\"2026-08-01T14:53:30+02:00\",\"inLanguage\":\"fr-FR\",\"mainEntityOfPage\":{\"@id\":\"https:\\\/\\\/www.physiobell.fr\\\/les-articles-de-flo\\\/la-neuro-esthetique-est-de-lesthetique-integrative-et-cest-ce-qui-change-tout\\\/#webpage\"},\"isPartOf\":{\"@id\":\"https:\\\/\\\/www.physiobell.fr\\\/les-articles-de-flo\\\/la-neuro-esthetique-est-de-lesthetique-integrative-et-cest-ce-qui-change-tout\\\/#webpage\"},\"articleSection\":\"Non class\\u00e9\"},{\"@type\":\"BreadcrumbList\",\"@id\":\"https:\\\/\\\/www.physiobell.fr\\\/les-articles-de-flo\\\/la-neuro-esthetique-est-de-lesthetique-integrative-et-cest-ce-qui-change-tout\\\/#breadcrumblist\",\"itemListElement\":[{\"@type\":\"ListItem\",\"@id\":\"https:\\\/\\\/www.physiobell.fr\\\/les-articles-de-flo#listItem\",\"position\":1,\"name\":\"Home\",\"item\":\"https:\\\/\\\/www.physiobell.fr\\\/les-articles-de-flo\",\"nextItem\":{\"@type\":\"ListItem\",\"@id\":\"https:\\\/\\\/www.physiobell.fr\\\/les-articles-de-flo\\\/category\\\/non-classe\\\/#listItem\",\"name\":\"Non class\\u00e9\"}},{\"@type\":\"ListItem\",\"@id\":\"https:\\\/\\\/www.physiobell.fr\\\/les-articles-de-flo\\\/category\\\/non-classe\\\/#listItem\",\"position\":2,\"name\":\"Non class\\u00e9\",\"item\":\"https:\\\/\\\/www.physiobell.fr\\\/les-articles-de-flo\\\/category\\\/non-classe\\\/\",\"nextItem\":{\"@type\":\"ListItem\",\"@id\":\"https:\\\/\\\/www.physiobell.fr\\\/les-articles-de-flo\\\/la-neuro-esthetique-est-de-lesthetique-integrative-et-cest-ce-qui-change-tout\\\/#listItem\",\"name\":\"La Neuro-Esth\\u00e9tique\\u00ae est de l&rsquo;esth\\u00e9tique int\\u00e9grative. Et c&rsquo;est ce qui change tout\"},\"previousItem\":{\"@type\":\"ListItem\",\"@id\":\"https:\\\/\\\/www.physiobell.fr\\\/les-articles-de-flo#listItem\",\"name\":\"Home\"}},{\"@type\":\"ListItem\",\"@id\":\"https:\\\/\\\/www.physiobell.fr\\\/les-articles-de-flo\\\/la-neuro-esthetique-est-de-lesthetique-integrative-et-cest-ce-qui-change-tout\\\/#listItem\",\"position\":3,\"name\":\"La Neuro-Esth\\u00e9tique\\u00ae est de l&rsquo;esth\\u00e9tique int\\u00e9grative. Et c&rsquo;est ce qui change tout\",\"previousItem\":{\"@type\":\"ListItem\",\"@id\":\"https:\\\/\\\/www.physiobell.fr\\\/les-articles-de-flo\\\/category\\\/non-classe\\\/#listItem\",\"name\":\"Non class\\u00e9\"}}]},{\"@type\":\"Person\",\"@id\":\"https:\\\/\\\/www.physiobell.fr\\\/les-articles-de-flo\\\/#person\",\"name\":\"Florence ANSAR\",\"image\":{\"@type\":\"ImageObject\",\"@id\":\"https:\\\/\\\/www.physiobell.fr\\\/les-articles-de-flo\\\/la-neuro-esthetique-est-de-lesthetique-integrative-et-cest-ce-qui-change-tout\\\/#personImage\",\"url\":\"https:\\\/\\\/secure.gravatar.com\\\/avatar\\\/0e34b9b81dc6ae365fb9181191b967c98a93752d3fef11cba8f39ff94e04249b?s=96&d=mm&r=g\",\"width\":96,\"height\":96,\"caption\":\"Florence ANSAR\"}},{\"@type\":\"Person\",\"@id\":\"https:\\\/\\\/www.physiobell.fr\\\/les-articles-de-flo\\\/author\\\/florenceansar\\\/#author\",\"url\":\"https:\\\/\\\/www.physiobell.fr\\\/les-articles-de-flo\\\/author\\\/florenceansar\\\/\",\"name\":\"Florence ANSAR\",\"image\":{\"@type\":\"ImageObject\",\"@id\":\"https:\\\/\\\/www.physiobell.fr\\\/les-articles-de-flo\\\/la-neuro-esthetique-est-de-lesthetique-integrative-et-cest-ce-qui-change-tout\\\/#authorImage\",\"url\":\"https:\\\/\\\/secure.gravatar.com\\\/avatar\\\/0e34b9b81dc6ae365fb9181191b967c98a93752d3fef11cba8f39ff94e04249b?s=96&d=mm&r=g\",\"width\":96,\"height\":96,\"caption\":\"Florence ANSAR\"}},{\"@type\":\"WebPage\",\"@id\":\"https:\\\/\\\/www.physiobell.fr\\\/les-articles-de-flo\\\/la-neuro-esthetique-est-de-lesthetique-integrative-et-cest-ce-qui-change-tout\\\/#webpage\",\"url\":\"https:\\\/\\\/www.physiobell.fr\\\/les-articles-de-flo\\\/la-neuro-esthetique-est-de-lesthetique-integrative-et-cest-ce-qui-change-tout\\\/\",\"name\":\"La Neuro-Esth\\u00e9tique\\u00ae est de l\\u2019esth\\u00e9tique int\\u00e9grative. Et c\\u2019est ce qui change tout - Le blog de Florence\",\"description\":\"La Neuro-Esth\\u00e9tique\\u00ae n'est pas une esth\\u00e9tique de plus. C'est la premi\\u00e8re esth\\u00e9tique int\\u00e9grative structur\\u00e9e en \\u00e9cole. Ce que fait vraiment la Neuro-Esth\\u00e9tique\\u00ae Depuis six ans que je l'enseigne, je vois la m\\u00eame chose se produire dans chaque promotion. Les professionnelles qui arrivent en formation savent faire beaucoup. Elles ma\\u00eetrisent des gestes, des appareils, des protocoles.\",\"inLanguage\":\"fr-FR\",\"isPartOf\":{\"@id\":\"https:\\\/\\\/www.physiobell.fr\\\/les-articles-de-flo\\\/#website\"},\"breadcrumb\":{\"@id\":\"https:\\\/\\\/www.physiobell.fr\\\/les-articles-de-flo\\\/la-neuro-esthetique-est-de-lesthetique-integrative-et-cest-ce-qui-change-tout\\\/#breadcrumblist\"},\"author\":{\"@id\":\"https:\\\/\\\/www.physiobell.fr\\\/les-articles-de-flo\\\/author\\\/florenceansar\\\/#author\"},\"creator\":{\"@id\":\"https:\\\/\\\/www.physiobell.fr\\\/les-articles-de-flo\\\/author\\\/florenceansar\\\/#author\"},\"image\":{\"@type\":\"ImageObject\",\"url\":\"https:\\\/\\\/www.physiobell.fr\\\/les-articles-de-flo\\\/wp-content\\\/uploads\\\/sites\\\/3\\\/2026\\\/08\\\/ChatGPT-Image-1-aout-2026-14_36_43-1.png\",\"@id\":\"https:\\\/\\\/www.physiobell.fr\\\/les-articles-de-flo\\\/la-neuro-esthetique-est-de-lesthetique-integrative-et-cest-ce-qui-change-tout\\\/#mainImage\",\"width\":1731,\"height\":909},\"primaryImageOfPage\":{\"@id\":\"https:\\\/\\\/www.physiobell.fr\\\/les-articles-de-flo\\\/la-neuro-esthetique-est-de-lesthetique-integrative-et-cest-ce-qui-change-tout\\\/#mainImage\"},\"datePublished\":\"2026-09-01T07:31:00+02:00\",\"dateModified\":\"2026-08-01T14:53:30+02:00\"},{\"@type\":\"WebSite\",\"@id\":\"https:\\\/\\\/www.physiobell.fr\\\/les-articles-de-flo\\\/#website\",\"url\":\"https:\\\/\\\/www.physiobell.fr\\\/les-articles-de-flo\\\/\",\"name\":\"Le blog de Florence\",\"description\":\"Nous formons, vous excellez !\",\"inLanguage\":\"fr-FR\",\"publisher\":{\"@id\":\"https:\\\/\\\/www.physiobell.fr\\\/les-articles-de-flo\\\/#person\"}}]}\n\t\t<\/script>\n\t\t<!-- All in One SEO -->\n\n","aioseo_head_json":{"title":"La Neuro-Esth\u00e9tique\u00ae est de l\u2019esth\u00e9tique int\u00e9grative. Et c\u2019est ce qui change tout - Le blog de Florence","description":"La Neuro-Esth\u00e9tique\u00ae n'est pas une esth\u00e9tique de plus. C'est la premi\u00e8re esth\u00e9tique int\u00e9grative structur\u00e9e en \u00e9cole. Ce que fait vraiment la Neuro-Esth\u00e9tique\u00ae Depuis six ans que je l'enseigne, je vois la m\u00eame chose se produire dans chaque promotion. Les professionnelles qui arrivent en formation savent faire beaucoup. Elles ma\u00eetrisent des gestes, des appareils, des protocoles.","canonical_url":"https:\/\/www.physiobell.fr\/les-articles-de-flo\/la-neuro-esthetique-est-de-lesthetique-integrative-et-cest-ce-qui-change-tout\/","robots":"max-image-preview:large","keywords":"","webmasterTools":{"miscellaneous":""},"schema":{"@context":"https:\/\/schema.org","@graph":[{"@type":"BlogPosting","@id":"https:\/\/www.physiobell.fr\/les-articles-de-flo\/la-neuro-esthetique-est-de-lesthetique-integrative-et-cest-ce-qui-change-tout\/#blogposting","name":"La Neuro-Esth\u00e9tique\u00ae est de l\u2019esth\u00e9tique int\u00e9grative. Et c\u2019est ce qui change tout - Le blog de Florence","headline":"La Neuro-Esth\u00e9tique\u00ae est de l&rsquo;esth\u00e9tique int\u00e9grative. Et c&rsquo;est ce qui change tout","author":{"@id":"https:\/\/www.physiobell.fr\/les-articles-de-flo\/author\/florenceansar\/#author"},"publisher":{"@id":"https:\/\/www.physiobell.fr\/les-articles-de-flo\/#person"},"image":{"@type":"ImageObject","url":"https:\/\/www.physiobell.fr\/les-articles-de-flo\/wp-content\/uploads\/sites\/3\/2026\/08\/ChatGPT-Image-1-aout-2026-14_36_43-1.png","width":1731,"height":909},"datePublished":"2026-09-01T07:31:00+02:00","dateModified":"2026-08-01T14:53:30+02:00","inLanguage":"fr-FR","mainEntityOfPage":{"@id":"https:\/\/www.physiobell.fr\/les-articles-de-flo\/la-neuro-esthetique-est-de-lesthetique-integrative-et-cest-ce-qui-change-tout\/#webpage"},"isPartOf":{"@id":"https:\/\/www.physiobell.fr\/les-articles-de-flo\/la-neuro-esthetique-est-de-lesthetique-integrative-et-cest-ce-qui-change-tout\/#webpage"},"articleSection":"Non class\u00e9"},{"@type":"BreadcrumbList","@id":"https:\/\/www.physiobell.fr\/les-articles-de-flo\/la-neuro-esthetique-est-de-lesthetique-integrative-et-cest-ce-qui-change-tout\/#breadcrumblist","itemListElement":[{"@type":"ListItem","@id":"https:\/\/www.physiobell.fr\/les-articles-de-flo#listItem","position":1,"name":"Home","item":"https:\/\/www.physiobell.fr\/les-articles-de-flo","nextItem":{"@type":"ListItem","@id":"https:\/\/www.physiobell.fr\/les-articles-de-flo\/category\/non-classe\/#listItem","name":"Non class\u00e9"}},{"@type":"ListItem","@id":"https:\/\/www.physiobell.fr\/les-articles-de-flo\/category\/non-classe\/#listItem","position":2,"name":"Non class\u00e9","item":"https:\/\/www.physiobell.fr\/les-articles-de-flo\/category\/non-classe\/","nextItem":{"@type":"ListItem","@id":"https:\/\/www.physiobell.fr\/les-articles-de-flo\/la-neuro-esthetique-est-de-lesthetique-integrative-et-cest-ce-qui-change-tout\/#listItem","name":"La Neuro-Esth\u00e9tique\u00ae est de l&rsquo;esth\u00e9tique int\u00e9grative. Et c&rsquo;est ce qui change tout"},"previousItem":{"@type":"ListItem","@id":"https:\/\/www.physiobell.fr\/les-articles-de-flo#listItem","name":"Home"}},{"@type":"ListItem","@id":"https:\/\/www.physiobell.fr\/les-articles-de-flo\/la-neuro-esthetique-est-de-lesthetique-integrative-et-cest-ce-qui-change-tout\/#listItem","position":3,"name":"La Neuro-Esth\u00e9tique\u00ae est de l&rsquo;esth\u00e9tique int\u00e9grative. Et c&rsquo;est ce qui change tout","previousItem":{"@type":"ListItem","@id":"https:\/\/www.physiobell.fr\/les-articles-de-flo\/category\/non-classe\/#listItem","name":"Non class\u00e9"}}]},{"@type":"Person","@id":"https:\/\/www.physiobell.fr\/les-articles-de-flo\/#person","name":"Florence ANSAR","image":{"@type":"ImageObject","@id":"https:\/\/www.physiobell.fr\/les-articles-de-flo\/la-neuro-esthetique-est-de-lesthetique-integrative-et-cest-ce-qui-change-tout\/#personImage","url":"https:\/\/secure.gravatar.com\/avatar\/0e34b9b81dc6ae365fb9181191b967c98a93752d3fef11cba8f39ff94e04249b?s=96&d=mm&r=g","width":96,"height":96,"caption":"Florence ANSAR"}},{"@type":"Person","@id":"https:\/\/www.physiobell.fr\/les-articles-de-flo\/author\/florenceansar\/#author","url":"https:\/\/www.physiobell.fr\/les-articles-de-flo\/author\/florenceansar\/","name":"Florence ANSAR","image":{"@type":"ImageObject","@id":"https:\/\/www.physiobell.fr\/les-articles-de-flo\/la-neuro-esthetique-est-de-lesthetique-integrative-et-cest-ce-qui-change-tout\/#authorImage","url":"https:\/\/secure.gravatar.com\/avatar\/0e34b9b81dc6ae365fb9181191b967c98a93752d3fef11cba8f39ff94e04249b?s=96&d=mm&r=g","width":96,"height":96,"caption":"Florence ANSAR"}},{"@type":"WebPage","@id":"https:\/\/www.physiobell.fr\/les-articles-de-flo\/la-neuro-esthetique-est-de-lesthetique-integrative-et-cest-ce-qui-change-tout\/#webpage","url":"https:\/\/www.physiobell.fr\/les-articles-de-flo\/la-neuro-esthetique-est-de-lesthetique-integrative-et-cest-ce-qui-change-tout\/","name":"La Neuro-Esth\u00e9tique\u00ae est de l\u2019esth\u00e9tique int\u00e9grative. Et c\u2019est ce qui change tout - Le blog de Florence","description":"La Neuro-Esth\u00e9tique\u00ae n'est pas une esth\u00e9tique de plus. C'est la premi\u00e8re esth\u00e9tique int\u00e9grative structur\u00e9e en \u00e9cole. Ce que fait vraiment la Neuro-Esth\u00e9tique\u00ae Depuis six ans que je l'enseigne, je vois la m\u00eame chose se produire dans chaque promotion. Les professionnelles qui arrivent en formation savent faire beaucoup. Elles ma\u00eetrisent des gestes, des appareils, des protocoles.","inLanguage":"fr-FR","isPartOf":{"@id":"https:\/\/www.physiobell.fr\/les-articles-de-flo\/#website"},"breadcrumb":{"@id":"https:\/\/www.physiobell.fr\/les-articles-de-flo\/la-neuro-esthetique-est-de-lesthetique-integrative-et-cest-ce-qui-change-tout\/#breadcrumblist"},"author":{"@id":"https:\/\/www.physiobell.fr\/les-articles-de-flo\/author\/florenceansar\/#author"},"creator":{"@id":"https:\/\/www.physiobell.fr\/les-articles-de-flo\/author\/florenceansar\/#author"},"image":{"@type":"ImageObject","url":"https:\/\/www.physiobell.fr\/les-articles-de-flo\/wp-content\/uploads\/sites\/3\/2026\/08\/ChatGPT-Image-1-aout-2026-14_36_43-1.png","@id":"https:\/\/www.physiobell.fr\/les-articles-de-flo\/la-neuro-esthetique-est-de-lesthetique-integrative-et-cest-ce-qui-change-tout\/#mainImage","width":1731,"height":909},"primaryImageOfPage":{"@id":"https:\/\/www.physiobell.fr\/les-articles-de-flo\/la-neuro-esthetique-est-de-lesthetique-integrative-et-cest-ce-qui-change-tout\/#mainImage"},"datePublished":"2026-09-01T07:31:00+02:00","dateModified":"2026-08-01T14:53:30+02:00"},{"@type":"WebSite","@id":"https:\/\/www.physiobell.fr\/les-articles-de-flo\/#website","url":"https:\/\/www.physiobell.fr\/les-articles-de-flo\/","name":"Le blog de Florence","description":"Nous formons, vous excellez !","inLanguage":"fr-FR","publisher":{"@id":"https:\/\/www.physiobell.fr\/les-articles-de-flo\/#person"}}]},"og:locale":"fr_FR","og:site_name":"Le blog de Florence - Nous formons, vous excellez !","og:type":"article","og:title":"La Neuro-Esth\u00e9tique\u00ae est de l\u2019esth\u00e9tique int\u00e9grative. Et c\u2019est ce qui change tout - Le blog de Florence","og:description":"La Neuro-Esth\u00e9tique\u00ae n'est pas une esth\u00e9tique de plus. C'est la premi\u00e8re esth\u00e9tique int\u00e9grative structur\u00e9e en \u00e9cole. Ce que fait vraiment la Neuro-Esth\u00e9tique\u00ae Depuis six ans que je l'enseigne, je vois la m\u00eame chose se produire dans chaque promotion. Les professionnelles qui arrivent en formation savent faire beaucoup. Elles ma\u00eetrisent des gestes, des appareils, des protocoles.","og:url":"https:\/\/www.physiobell.fr\/les-articles-de-flo\/la-neuro-esthetique-est-de-lesthetique-integrative-et-cest-ce-qui-change-tout\/","og:image":"https:\/\/www.physiobell.fr\/les-articles-de-flo\/wp-content\/uploads\/sites\/3\/2026\/05\/cropped-Florence-photo-en-tete-blog.png","og:image:secure_url":"https:\/\/www.physiobell.fr\/les-articles-de-flo\/wp-content\/uploads\/sites\/3\/2026\/05\/cropped-Florence-photo-en-tete-blog.png","og:image:width":378,"og:image:height":351,"article:published_time":"2026-09-01T05:31:00+00:00","article:modified_time":"2026-08-01T12:53:30+00:00","article:publisher":"https:\/\/www.facebook.com\/physiobell.fr\/","twitter:card":"summary_large_image","twitter:title":"La Neuro-Esth\u00e9tique\u00ae est de l\u2019esth\u00e9tique int\u00e9grative. Et c\u2019est ce qui change tout - Le blog de Florence","twitter:description":"La Neuro-Esth\u00e9tique\u00ae n'est pas une esth\u00e9tique de plus. C'est la premi\u00e8re esth\u00e9tique int\u00e9grative structur\u00e9e en \u00e9cole. Ce que fait vraiment la Neuro-Esth\u00e9tique\u00ae Depuis six ans que je l'enseigne, je vois la m\u00eame chose se produire dans chaque promotion. Les professionnelles qui arrivent en formation savent faire beaucoup. Elles ma\u00eetrisent des gestes, des appareils, des protocoles.","twitter:image":"https:\/\/www.physiobell.fr\/les-articles-de-flo\/wp-content\/uploads\/sites\/3\/2026\/05\/cropped-Florence-photo-en-tete-blog.png"},"aioseo_meta_data":{"post_id":"835","title":"#post_title #separator_sa #site_title","description":"#post_excerpt","keywords":null,"keyphrases":{"focus":{"keyphrase":"","score":0,"analysis":{"keyphraseInTitle":{"score":0,"maxScore":9,"error":1}}},"additional":[]},"primary_term":null,"canonical_url":null,"og_title":null,"og_description":null,"og_object_type":"default","og_image_type":"default","og_image_custom_url":null,"og_image_custom_fields":null,"og_image_url":null,"og_image_width":null,"og_image_height":null,"og_video":"","og_custom_url":null,"og_article_section":null,"og_article_tags":null,"twitter_use_og":false,"twitter_card":"default","twitter_image_type":"default","twitter_image_custom_url":null,"twitter_image_custom_fields":null,"twitter_image_url":null,"twitter_title":null,"twitter_description":null,"schema_type":"default","schema_type_options":null,"schema":{"blockGraphs":[],"customGraphs":[],"default":{"data":{"Article":[],"Course":[],"Dataset":[],"FAQPage":[],"Movie":[],"Person":[],"Product":[],"ProductReview":[],"Car":[],"Recipe":[],"Service":[],"SoftwareApplication":[],"WebPage":[]},"graphName":"BlogPosting","isEnabled":true},"graphs":[]},"pillar_content":false,"robots_default":true,"robots_noindex":false,"robots_noarchive":false,"robots_nosnippet":false,"robots_nofollow":false,"robots_noimageindex":false,"robots_noodp":false,"robots_notranslate":false,"robots_max_snippet":"-1","robots_max_videopreview":"-1","robots_max_imagepreview":"large","priority":null,"frequency":"default","local_seo":null,"limit_modified_date":false,"ai":{"faqs":[],"keyPoints":[],"schemas":[],"titles":[],"descriptions":[],"socialPosts":{"email":[],"linkedin":[],"twitter":[],"facebook":[],"instagram":[]}},"breadcrumb_settings":null,"seo_analyzer_scan_date":null,"created":"2026-08-01 12:37:38","updated":"2026-09-01 05:56:41"},"aioseo_breadcrumb":"<div class=\"aioseo-breadcrumbs\"><span class=\"aioseo-breadcrumb\">\n\t\t\t<a href=\"https:\/\/www.physiobell.fr\/les-articles-de-flo\" title=\"Home\">Home<\/a>\n\t\t<\/span><span class=\"aioseo-breadcrumb-separator\">&raquo;<\/span><span class=\"aioseo-breadcrumb\">\n\t\t\t<a href=\"https:\/\/www.physiobell.fr\/les-articles-de-flo\/category\/non-classe\/\" title=\"Non class\u00e9\">Non class\u00e9<\/a>\n\t\t<\/span><span class=\"aioseo-breadcrumb-separator\">&raquo;<\/span><span class=\"aioseo-breadcrumb\">\n\t\t\tLa Neuro-Esth\u00e9tique\u00ae est de l\u2019esth\u00e9tique int\u00e9grative. Et c\u2019est ce qui change tout\n\t\t<\/span><\/div>","aioseo_breadcrumb_json":[{"label":"Home","link":"https:\/\/www.physiobell.fr\/les-articles-de-flo"},{"label":"Non class\u00e9","link":"https:\/\/www.physiobell.fr\/les-articles-de-flo\/category\/non-classe\/"},{"label":"La Neuro-Esth\u00e9tique\u00ae est de l&rsquo;esth\u00e9tique int\u00e9grative. Et c&rsquo;est ce qui change tout","link":"https:\/\/www.physiobell.fr\/les-articles-de-flo\/la-neuro-esthetique-est-de-lesthetique-integrative-et-cest-ce-qui-change-tout\/"}],"_links":{"self":[{"href":"https:\/\/www.physiobell.fr\/les-articles-de-flo\/wp-json\/wp\/v2\/posts\/835","targetHints":{"allow":["GET"]}}],"collection":[{"href":"https:\/\/www.physiobell.fr\/les-articles-de-flo\/wp-json\/wp\/v2\/posts"}],"about":[{"href":"https:\/\/www.physiobell.fr\/les-articles-de-flo\/wp-json\/wp\/v2\/types\/post"}],"author":[{"embeddable":true,"href":"https:\/\/www.physiobell.fr\/les-articles-de-flo\/wp-json\/wp\/v2\/users\/5"}],"replies":[{"embeddable":true,"href":"https:\/\/www.physiobell.fr\/les-articles-de-flo\/wp-json\/wp\/v2\/comments?post=835"}],"version-history":[{"count":0,"href":"https:\/\/www.physiobell.fr\/les-articles-de-flo\/wp-json\/wp\/v2\/posts\/835\/revisions"}],"wp:featuredmedia":[{"embeddable":true,"href":"https:\/\/www.physiobell.fr\/les-articles-de-flo\/wp-json\/wp\/v2\/media\/836"}],"wp:attachment":[{"href":"https:\/\/www.physiobell.fr\/les-articles-de-flo\/wp-json\/wp\/v2\/media?parent=835"}],"wp:term":[{"taxonomy":"category","embeddable":true,"href":"https:\/\/www.physiobell.fr\/les-articles-de-flo\/wp-json\/wp\/v2\/categories?post=835"},{"taxonomy":"post_tag","embeddable":true,"href":"https:\/\/www.physiobell.fr\/les-articles-de-flo\/wp-json\/wp\/v2\/tags?post=835"}],"curies":[{"name":"wp","href":"https:\/\/api.w.org\/{rel}","templated":true}]}}